{"id":2764,"date":"2013-01-08T12:26:13","date_gmt":"2013-01-08T11:26:13","guid":{"rendered":"http:\/\/emilkirkegaard.dk\/da\/?p=2764"},"modified":"2013-01-08T12:26:13","modified_gmt":"2013-01-08T11:26:13","slug":"nyheder-m-m-08-01-13","status":"publish","type":"post","link":"https:\/\/emilkirkegaard.dk\/da\/?p=2764","title":{"rendered":"Nyheder m.m. 08-01-13"},"content":{"rendered":"<p><a href=\"http:\/\/www.b.dk\/kommentarer\/fremtidens-mand\">http:\/\/www.b.dk\/kommentarer\/fremtidens-mand<\/a><\/p>\n<p>&nbsp;<\/p>\n<p>&#8211;<\/p>\n<p>&nbsp;<\/p>\n<p><a href=\"http:\/\/www.b.dk\/kommentarer\/hvis-undervisningen-skal-forbedres\">http:\/\/www.b.dk\/kommentarer\/hvis-undervisningen-skal-forbedres<\/a><\/p>\n<p>&nbsp;<\/p>\n<p>endf\u00f8r Khan academy i folkeskolen.<\/p>\n<p>&nbsp;<\/p>\n<p>&#8211;<\/p>\n<p>&nbsp;<\/p>\n<p><a href=\"http:\/\/www.b.dk\/kommentarer\/jul-i-kommunen\">http:\/\/www.b.dk\/kommentarer\/jul-i-kommunen<\/a><\/p>\n<p>&nbsp;<\/p>\n<p>&#8211;<\/p>\n<p><a href=\"http:\/\/www.180grader.dk\/Krimi\/gav-frstehjaelp-fik-taesk-af-politiet#comments\">http:\/\/www.180grader.dk\/Krimi\/gav-frstehjaelp-fik-taesk-af-politiet#comments<\/a><\/p>\n<p><a href=\"http:\/\/ekstrabladet.dk\/112\/article1889140.ece\">http:\/\/ekstrabladet.dk\/112\/article1889140.ece<\/a><\/p>\n<p><a href=\"http:\/\/www.sn.dk\/Gav-foerstehjaelp-Fik-taesk-af-politiet\/Slagelse\/artikel\/246262\">http:\/\/www.sn.dk\/Gav-foerstehjaelp-Fik-taesk-af-politiet\/Slagelse\/artikel\/246262<\/a><\/p>\n<p>&nbsp;<\/p>\n<p>politiet -.-<\/p>\n<p>&nbsp;<\/p>\n<p>&#8211;<\/p>\n<p>&nbsp;<\/p>\n<p><a href=\"http:\/\/www.dr.dk\/Nyheder\/Politik\/2012\/08\/30\/0830061637.htm\">http:\/\/www.dr.dk\/Nyheder\/Politik\/2012\/08\/30\/0830061637.htm<\/a><\/p>\n<p><a href=\"http:\/\/www.180grader.dk\/Politik\/dr-dk-politik-byrd-forstr-ikke-det-de-stemmer-om#c488580\">http:\/\/www.180grader.dk\/Politik\/dr-dk-politik-byrd-forstr-ikke-det-de-stemmer-om#c488580<\/a> (se os min kommentar)<\/p>\n<p>gammel nyhed, m\u00e6n alliev\u00e6l&#8230;<\/p>\n<p>&nbsp;<\/p>\n<p><span style=\"color: #800000;\">I Helsing\u00f8r Kommune har 11 ud af 16 adspurgte byr\u00e5dsmedlemmer svaret, at de har stemt i sager, hvor de ikke forstod sagsfremstillingen, viser unders\u00f8gelsen<\/span><\/p>\n<p><span style=\"color: #800000;\">Politisk ordf\u00f8rer for Socialdemokraterne i Helsing\u00f8r, Henrik M\u00f8ller, mener, at embedsm\u00e6ndene m\u00e5 oppe sig, og at politikerne skal blive bedre til at stille krav til dem.<\/span><\/p>\n<p><span style=\"color: #800000;\">&#8211; Det skulle helst v\u00e6re s\u00e5dan, at hvis vi forst\u00e5r forslagene, s\u00e5 g\u00f8r borgerne det ogs\u00e5, og s\u00e5 mener jeg, at vi m\u00e5 blive bedre til at r\u00e5be op og stille krav til embedsm\u00e6ndene om at f\u00e5 tingene sk\u00e5ret ud i pap, siger han.<\/span><\/p>\n<p>&nbsp;<\/p>\n<p>\u00e6ller&#8230; at politikerne er f\u00e5r d\u00e5mme \u00e6ller uentellig\u00e6nte.<\/p>\n<p>&nbsp;<\/p>\n<p>&#8211;<\/p>\n<p>&nbsp;<\/p>\n<p><a href=\"http:\/\/epn.dk\/brancher\/detail\/article4966813.ece\">http:\/\/epn.dk\/brancher\/detail\/article4966813.ece<\/a><\/p>\n<p>via Ole Birk Olesens Facebook<\/p>\n<p>&nbsp;<\/p>\n<p>liberaliserengen ser ud te at virke<\/p>\n<p>&nbsp;<\/p>\n<p>&#8211;<\/p>\n<p>&nbsp;<\/p>\n<p><a href=\"http:\/\/heltnormalt.dk\/rydforsiden\/2013\/01\/02\/133039\">http:\/\/heltnormalt.dk\/rydforsiden\/2013\/01\/02\/133039<\/a><\/p>\n<p>&nbsp;<\/p>\n<p>&#8211;<\/p>\n<p>&nbsp;<\/p>\n<p><a href=\"http:\/\/nyhederne.tv2.dk\/article.php\/id-62419437:minister-i-h\u00e5rdt-angreb-den-kreative-\u00f8konomi-er-en-fuser.html\">http:\/\/nyhederne.tv2.dk\/article.php\/id-62419437:minister-i-h%C3%A5rdt-angreb-den-kreative-%C3%B8konomi-er-en-fuser.html<\/a><\/p>\n<p>&nbsp;<\/p>\n<p>wtf? er di v\u00e5vnet op te virkeliheden??? de er v\u00e6rd at sit\u00e9re i sin helhed! but GREAT news?!<\/p>\n<p>&nbsp;<\/p>\n<p><span style=\"color: #800000;\">Drop forestillingen om, at vi fremover kun skal leve af kreative sind, gode id\u00e9er og innovation. For det er helt og aldeles afg\u00f8rende for Danmark at fastholde gode, gammeldags industri- og produktionsjob herhjemme.<\/span><\/p>\n<p><span style=\"color: #800000;\">S\u00e5dan lyder meldingen fra besk\u00e6ftigelsesminister Mette Frederiksen (S) i en kronik i fredagens Politiken, hvor hun er g\u00e5et sammen med blandt andre koncerndirekt\u00f8ren for Novozymes og forsknings- og udviklingsdirekt\u00f8ren i Rockwool.<\/span><\/p>\n<p><span style=\"color: #800000;\">&#8211; Tanken om, at vi alle fra K\u00f8benhavn K over Vojens i syd til Frederikshavn i nord kan og skal leve af at v\u00e6re vidensarbejdere er b\u00e5de et bl\u00e6ndv\u00e6rk, uigennemt\u00e6nkt og elit\u00e6r, lyder det.<\/span><\/p>\n<p><span style=\"color: #800000;\">&#8211; Vi er ikke en nation af kreative Georg Gearl\u00f8s&#8217;er, som kan n\u00f8jes med at arbejde 7,25 timer om dagen, holde syv ugers ferie, h\u00e6ve vores h\u00f8je l\u00f8nninger, mens vi udkonkurrerer resten af verden med smarte l\u00f8sninger udt\u00e6nkt i det h\u00f8je Nord.<\/span><\/p>\n<p><span style=\"color: #800000;\">&#8211; Forts\u00e6tter vi med halvlukkede \u00f8jne og en selvindbildt tro p\u00e5, at vores kreativitet vil klare sagen for os, s\u00e5 har vi sat kursen mod en demontering af det samfund, de fleste af os gerne vil have, tilf\u00f8jer skribenterne.<\/span><\/p>\n<p><span style=\"color: #800000;\">Mette Frederiksen og co. sl\u00e5r alarm over, at Danmark har mistet knapt 200.000 job inden for produktion og industri i l\u00f8bet af de sidste to \u00e5rtier.<\/span><\/p>\n<p><span style=\"color: #800000;\">&#8211; Industrijob er alts\u00e5 vigtige, og de forsvinder med stor hast, lyder det i kronikken.<\/span><\/p>\n<p><span style=\"color: #800000;\">&#8211; Hver gang der nu udflyttes 100 job, vurderer virksomhederne, at der bliver skabt 10 nye job herhjemme.<\/span><\/p>\n<p><span style=\"color: #800000;\">&#8211; Flytter vi produktionen, risikerer vi at s\u00e6tte gang i en langsom, men ustoppelig lavine, der f\u00f8rst river job for ufagl\u00e6rte og sidenhen job for folk med l\u00e6ngerevarende uddannelse med sig, tilf\u00f8jer skribenterne.<\/span><\/p>\n<p><span style=\"color: #800000;\">Besk\u00e6ftigelsesministeriet er g\u00e5et sammen med en r\u00e6kke store danske produktionsvirksomheder for at fastsl\u00e5, hvordan man kan vende udviklingen og g\u00f8re noget ved problemet.<\/span><\/p>\n<p><span style=\"color: #800000;\">Konklusionerne bliver pr\u00e6senteret p\u00e5 en konference p\u00e5 Christiansborg 7. januar.<\/span><\/p>\n<p>&nbsp;<\/p>\n<p>&#8211;<\/p>\n<p>&nbsp;<\/p>\n<p><a href=\"http:\/\/www.180grader.dk\/Politik\/danmark-fortsaetter-idiotien-fyns-politi-ansaetter-asmaa-abdol-hamid-som-bindeled-til-folk-med-anden-etnisk-baggrund\">http:\/\/www.180grader.dk\/Politik\/danmark-fortsaetter-idiotien-fyns-politi-ansaetter-asmaa-abdol-hamid-som-bindeled-til-folk-med-anden-etnisk-baggrund<\/a><\/p>\n<p>&nbsp;<\/p>\n<p>&#8211;<\/p>\n<p>&nbsp;<\/p>\n<p>[15:59:55] Emil &#8211; Deleet: <a href=\"http:\/\/www.bt.dk\/danmark\/se-hemmelig-optagelse-demonstranter-i-tv-avisen-var-instrueret-af-dr\">http:\/\/www.bt.dk\/danmark\/se-hemmelig-optagelse-demonstranter-i-tv-avisen-var-instrueret-af-dr<\/a><\/p>\n<p>[15:59:57] Emil &#8211; Deleet: dafuq<\/p>\n<p>[16:00:03] Emil &#8211; Deleet: 180grader m\u00e5 ha en field day<\/p>\n<p>&nbsp;<\/p>\n<p>&#8211;<\/p>\n<p>&nbsp;<\/p>\n<p><a href=\"http:\/\/www.180grader.dk\/Politik\/ole-birk-raser-mod-kurser-i-meditation-for-ledige\">http:\/\/www.180grader.dk\/Politik\/ole-birk-raser-mod-kurser-i-meditation-for-ledige<\/a><\/p>\n<p>&nbsp;<\/p>\n<p>&#8230;<\/p>\n<p>&nbsp;<\/p>\n<p>&#8211;<\/p>\n<p>&nbsp;<\/p>\n<p><a href=\"http:\/\/www.metroxpress.dk\/nyheder\/kbmand-hldte-tis-pa-butikstyv\/KObmac!AuaKGAfCluE\/\">http:\/\/www.metroxpress.dk\/nyheder\/kbmand-hldte-tis-pa-butikstyv\/KObmac!AuaKGAfCluE\/<\/a><\/p>\n<p>&nbsp;<\/p>\n<p>worth it. alt for stor b\u00f8de\/erstatneng. de er begr\u00e6nset vor stor skade en person f\u00e5r a at f\u00e5 h\u00e6ldt tis ud over saj, is\u00e6r sit ajet. de m\u00e5 v\u00e6re formidlende omst\u00e6ndiheder at personen 1) blev taet i butikstyveri, 2) tissede m\u00e6 vilje p\u00e5 et uajnet st\u00e6d.<\/p>\n<p>&nbsp;<\/p>\n<p>&#8211;<\/p>\n<p>&nbsp;<\/p>\n<p><a href=\"http:\/\/www.180grader.dk\/Politik\/kan-christiansborg-monopolet-modst-reel-konkurrence#c489701\">http:\/\/www.180grader.dk\/Politik\/kan-christiansborg-monopolet-modst-reel-konkurrence#c489701<\/a><\/p>\n<p>&nbsp;<\/p>\n<p>v\u00e6rd at t\u00e6nke over<\/p>\n<p>&nbsp;<\/p>\n<p>&#8211;<\/p>\n<p>&nbsp;<\/p>\n<p><a href=\"http:\/\/ing.dk\/artikel\/135318-kinesiske-laeger-borer-narkotikaafhaengighed-ud-af-hjernen\">http:\/\/ing.dk\/artikel\/135318-kinesiske-laeger-borer-narkotikaafhaengighed-ud-af-hjernen<\/a><\/p>\n<p>&nbsp;<\/p>\n<p>dafuq<\/p>\n<p>&nbsp;<\/p>\n<p>&#8211;<\/p>\n<p>&nbsp;<\/p>\n<p><a href=\"http:\/\/politiken.dk\/politik\/ECE1860117\/pia-k-ualmindeligt-barnligt-at-radikale-ikke-rejser-sig-for-dronningen\/\">http:\/\/politiken.dk\/politik\/ECE1860117\/pia-k-ualmindeligt-barnligt-at-radikale-ikke-rejser-sig-for-dronningen\/<\/a><\/p>\n<p>&nbsp;<\/p>\n<p>de ka godt v\u00e6re at PK er skarp, m\u00e6n hun er en konservativ, religi\u00f8s tard<\/p>\n<p>&nbsp;<\/p>\n<p>&#8211;<\/p>\n<p>&nbsp;<\/p>\n<p><a href=\"http:\/\/nyhederne.tv2.dk\/article.php\/id-62500949:kr\u00e6ver-b\u00f8rnepenge-fra-s\u00e6ddonor.html?rss\">http:\/\/nyhederne.tv2.dk\/article.php\/id-62500949:kr%C3%A6ver-b%C3%B8rnepenge-fra-s%C3%A6ddonor.html?rss<\/a><\/p>\n<p>&nbsp;<\/p>\n<p>gr\u00e5die s\u00e6k<\/p>\n<p>&nbsp;<\/p>\n<p>&#8211;<\/p>\n<p>&nbsp;<\/p>\n<p><a href=\"http:\/\/nyhederne.tv2.dk\/article.php\/id-62497549:frikendt-efter-m\u00e5neders-f\u00e6ngsel-for-voldt\u00e6gt-af-datter.html?rss\">http:\/\/nyhederne.tv2.dk\/article.php\/id-62497549:frikendt-efter-m%C3%A5neders-f%C3%A6ngsel-for-voldt%C3%A6gt-af-datter.html?rss<\/a><\/p>\n<p>&nbsp;<\/p>\n<p>gad vide om de ek skyldes tvivlsomt sykiatrisk arbajde te at starte m\u00e6?<\/p>\n<p>&nbsp;<\/p>\n<p>&#8211;<\/p>\n<p>&nbsp;<\/p>\n<p><a href=\"http:\/\/nyhederne.tv2.dk\/article.php\/id-62496311:donorb\u00f8rn-s\u00f8ger-s\u00f8skende-p\u00e5-nettet.html?rss\">http:\/\/nyhederne.tv2.dk\/article.php\/id-62496311:donorb%C3%B8rn-s%C3%B8ger-s%C3%B8skende-p%C3%A5-nettet.html?rss<\/a><\/p>\n<p>&nbsp;<\/p>\n<p>man ka jo bare brue gendata tj\u00e6nester, <a href=\"http:\/\/www.23andme.com\/\">www.23andme.com<\/a> fx<\/p>\n<p>&nbsp;<\/p>\n<p>&#8211;<\/p>\n<p>&nbsp;<\/p>\n<p><a href=\"http:\/\/nyhederne.tv2.dk\/article.php\/id-62493793:lyver-dr-nyheders-direkt\u00f8r.html?rss\">http:\/\/nyhederne.tv2.dk\/article.php\/id-62493793:lyver-dr-nyheders-direkt%C3%B8r.html?rss<\/a><\/p>\n<p>&nbsp;<\/p>\n<p>DR forts\u00e6tter m\u00e6 at v\u00e6re te grin<\/p>\n<p>&nbsp;<\/p>\n<p>&#8211;<\/p>\n<p>&nbsp;<\/p>\n<p><a href=\"http:\/\/jyllands-posten.dk\/aarhus\/article4970886.ece\">http:\/\/jyllands-posten.dk\/aarhus\/article4970886.ece<\/a><\/p>\n<p>&nbsp;<\/p>\n<p>de er \u00e6llers en oplagt mulihed for at skabe t\u00e6ttere kontakt m\u00e6llem \u00c5rhus o KBH. de ville neds\u00e6tte rajsetiden m\u00e6 en del, samt avlaste di andre to store broer.<\/p>\n<p>&nbsp;<\/p>\n<p>&#8211;<\/p>\n<p>&nbsp;<\/p>\n<p><a href=\"http:\/\/ing.dk\/artikel\/135333-japan-vil-bygge-nye-atomkraftvaerker\">http:\/\/ing.dk\/artikel\/135333-japan-vil-bygge-nye-atomkraftvaerker<\/a><\/p>\n<p><span style=\"color: #800000;\">Trods Fukushima-katastrofen vil den genvalgte japanske premierminister Shinzo Abe bygge nye atomkraftv\u00e6rker. Folket har brug for elektriciteten, siger han.<\/span><\/p>\n<p>&nbsp;<\/p>\n<p>Japan kommet p\u00e5 mere realistiske tanker?<\/p>\n","protected":false},"excerpt":{"rendered":"<p>http:\/\/www.b.dk\/kommentarer\/fremtidens-mand &nbsp; &#8211; &nbsp; http:\/\/www.b.dk\/kommentarer\/hvis-undervisningen-skal-forbedres &nbsp; endf\u00f8r Khan academy i folkeskolen. &nbsp; &#8211; &nbsp; http:\/\/www.b.dk\/kommentarer\/jul-i-kommunen &nbsp; &#8211; http:\/\/www.180grader.dk\/Krimi\/gav-frstehjaelp-fik-taesk-af-politiet#comments http:\/\/ekstrabladet.dk\/112\/article1889140.ece http:\/\/www.sn.dk\/Gav-foerstehjaelp-Fik-taesk-af-politiet\/Slagelse\/artikel\/246262 &nbsp; politiet -.- &nbsp; &#8211; &nbsp; http:\/\/www.dr.dk\/Nyheder\/Politik\/2012\/08\/30\/0830061637.htm http:\/\/www.180grader.dk\/Politik\/dr-dk-politik-byrd-forstr-ikke-det-de-stemmer-om#c488580 (se os min kommentar) gammel nyhed, m\u00e6n alliev\u00e6l&#8230; &nbsp; I Helsing\u00f8r Kommune har 11 ud af 16 adspurgte byr\u00e5dsmedlemmer svaret, at de har stemt i sager, hvor [&hellip;]<\/p>\n","protected":false},"author":4,"featured_media":0,"comment_status":"open","ping_status":"open","sticky":false,"template":"","format":"standard","meta":{"footnotes":""},"categories":[1],"tags":[],"class_list":["post-2764","post","type-post","status-publish","format-standard","hentry","category-uncategorized"],"_links":{"self":[{"href":"https:\/\/emilkirkegaard.dk\/da\/index.php?rest_route=\/wp\/v2\/posts\/2764","targetHints":{"allow":["GET"]}}],"collection":[{"href":"https:\/\/emilkirkegaard.dk\/da\/index.php?rest_route=\/wp\/v2\/posts"}],"about":[{"href":"https:\/\/emilkirkegaard.dk\/da\/index.php?rest_route=\/wp\/v2\/types\/post"}],"author":[{"embeddable":true,"href":"https:\/\/emilkirkegaard.dk\/da\/index.php?rest_route=\/wp\/v2\/users\/4"}],"replies":[{"embeddable":true,"href":"https:\/\/emilkirkegaard.dk\/da\/index.php?rest_route=%2Fwp%2Fv2%2Fcomments&post=2764"}],"version-history":[{"count":1,"href":"https:\/\/emilkirkegaard.dk\/da\/index.php?rest_route=\/wp\/v2\/posts\/2764\/revisions"}],"predecessor-version":[{"id":2765,"href":"https:\/\/emilkirkegaard.dk\/da\/index.php?rest_route=\/wp\/v2\/posts\/2764\/revisions\/2765"}],"wp:attachment":[{"href":"https:\/\/emilkirkegaard.dk\/da\/index.php?rest_route=%2Fwp%2Fv2%2Fmedia&parent=2764"}],"wp:term":[{"taxonomy":"category","embeddable":true,"href":"https:\/\/emilkirkegaard.dk\/da\/index.php?rest_route=%2Fwp%2Fv2%2Fcategories&post=2764"},{"taxonomy":"post_tag","embeddable":true,"href":"https:\/\/emilkirkegaard.dk\/da\/index.php?rest_route=%2Fwp%2Fv2%2Ftags&post=2764"}],"curies":[{"name":"wp","href":"https:\/\/api.w.org\/{rel}","templated":true}]}}