{"id":2770,"date":"2013-01-22T15:23:41","date_gmt":"2013-01-22T14:23:41","guid":{"rendered":"http:\/\/emilkirkegaard.dk\/da\/?p=2770"},"modified":"2013-01-22T15:28:46","modified_gmt":"2013-01-22T14:28:46","slug":"laerernes-politiske-holdning-og-elevernes-politiske-holdning-kausalsammenhaeng","status":"publish","type":"post","link":"https:\/\/emilkirkegaard.dk\/da\/?p=2770","title":{"rendered":"L\u00e6rernes politiske holdning og elevernes politiske holdning: kausalsammenh\u00e6ng?"},"content":{"rendered":"<p>Jeg har lige sendt denne email til undervisningsministeriet.<\/p>\n<p>&#8212;&#8212;&#8211;<\/p>\n<p>Hej UVM,<\/p>\n<p>Den Korte Avis bragte denne artikel: <a href=\"http:\/\/denkorteavis.dk\/lead\/mange-danske-skolelaerere-mener-som-annette-vilhelmsen\/\">http:\/\/denkorteavis.dk\/lead\/mange-danske-skolelaerere-mener-som-annette-vilhelmsen\/<\/a><\/p>\n<p>Deri udl\u00e6gger forfatteren en teori om at l\u00e6rernes politiske st\u00e5sted p\u00e5virker elevernes. De henviser til en statistik (uden kilde) om at de fleste l\u00e6rere er venstreorienterede. Det lader til at v\u00e6re sandt, unders\u00f8gelsen er ogs\u00e5 n\u00e6vnt her: <a href=\"http:\/\/www.dr.dk\/P1\/Detektor\/Udsendelser\/2012\/01\/24170629.htm\">http:\/\/www.dr.dk\/P1\/Detektor\/Udsendelser\/2012\/01\/24170629.htm<\/a><\/p>\n<p>Teorien kan m\u00e5ske fint illustreres s\u00e5dan her: <a href=\"http:\/\/goo.gl\/2Yn64\">http:\/\/goo.gl\/2Yn64<\/a><br \/>\nAlts\u00e5, r\u00f8de l\u00e6rere for\u00e5rsager gennem en r\u00e6kke faktorer at eleverne bliver r\u00f8de. Det kunne i teorien godt v\u00e6re rigtigt. Det er et empirisk sp\u00f8rgsm\u00e5l, som man b\u00f8r unders\u00f8ge.<\/p>\n<p>Kender I til noget materiale som man kan teste teorien med? Den mest direkte test jeg kan finde p\u00e5, er at se p\u00e5 elevernes politiske holdninger ifht. deres l\u00e6rers politiske holdning. Men det kr\u00e6ver data om b\u00e5de elever og l\u00e6rere. S\u00e5danne data findes m\u00e5ske ikke. Er I bekendt med relevant data? Eller m\u00e5ske en forsker som ved mere om emnet?<\/p>\n<p>En anden test ville v\u00e6re at samle en r\u00e6kke forskellige l\u00e6rere, og bede dem om at vurdere samme opgave. Man kan s\u00e5ledes variere opgaven s\u00e5 den bliver mere eller mindre bl\u00e5, og s\u00e5 hvordan det p\u00e5virker l\u00e6rernes vurdering. Optimalt set, s\u00e5 ville man ogs\u00e5 samle information mht. l\u00e6rernes politiske st\u00e5sted.<\/p>\n<p>&#8212;&#8212;&#8211;<\/p>\n<p>Email til <em>Den Korte Avis<\/em>.<\/p>\n<p>&#8212;&#8212;&#8211;<\/p>\n<p>Hej Korte Avis,<\/p>\n<p>Jeg har p\u00e5 baggrund af jeres artikel om emnet i titlen p\u00e5 emailen skrevet en email til undervisningsministeriet for at sp\u00f8rge dem om de kender til noget relevant data vi kan teste teorien med. Min email kan l\u00e6ses her: <a href=\"http:\/\/emilkirkegaard.dk\/da\/?p=2770\" target=\"_blank\">http:\/\/emilkirkegaard.dk\/da\/?<wbr>p=2770<\/wbr><\/a><\/p>\n<p>Nu f\u00e5r vi se.<\/p>\n","protected":false},"excerpt":{"rendered":"<p>Jeg har lige sendt denne email til undervisningsministeriet. &#8212;&#8212;&#8211; Hej UVM, Den Korte Avis bragte denne artikel: http:\/\/denkorteavis.dk\/lead\/mange-danske-skolelaerere-mener-som-annette-vilhelmsen\/ Deri udl\u00e6gger forfatteren en teori om at l\u00e6rernes politiske st\u00e5sted p\u00e5virker elevernes. De henviser til en statistik (uden kilde) om at de fleste l\u00e6rere er venstreorienterede. Det lader til at v\u00e6re sandt, unders\u00f8gelsen er ogs\u00e5 n\u00e6vnt her: [&hellip;]<\/p>\n","protected":false},"author":4,"featured_media":0,"comment_status":"open","ping_status":"open","sticky":false,"template":"","format":"standard","meta":{"footnotes":""},"categories":[1704],"tags":[],"class_list":["post-2770","post","type-post","status-publish","format-standard","hentry","category-uddannelse-videnskab-og-lign"],"_links":{"self":[{"href":"https:\/\/emilkirkegaard.dk\/da\/index.php?rest_route=\/wp\/v2\/posts\/2770","targetHints":{"allow":["GET"]}}],"collection":[{"href":"https:\/\/emilkirkegaard.dk\/da\/index.php?rest_route=\/wp\/v2\/posts"}],"about":[{"href":"https:\/\/emilkirkegaard.dk\/da\/index.php?rest_route=\/wp\/v2\/types\/post"}],"author":[{"embeddable":true,"href":"https:\/\/emilkirkegaard.dk\/da\/index.php?rest_route=\/wp\/v2\/users\/4"}],"replies":[{"embeddable":true,"href":"https:\/\/emilkirkegaard.dk\/da\/index.php?rest_route=%2Fwp%2Fv2%2Fcomments&post=2770"}],"version-history":[{"count":2,"href":"https:\/\/emilkirkegaard.dk\/da\/index.php?rest_route=\/wp\/v2\/posts\/2770\/revisions"}],"predecessor-version":[{"id":2772,"href":"https:\/\/emilkirkegaard.dk\/da\/index.php?rest_route=\/wp\/v2\/posts\/2770\/revisions\/2772"}],"wp:attachment":[{"href":"https:\/\/emilkirkegaard.dk\/da\/index.php?rest_route=%2Fwp%2Fv2%2Fmedia&parent=2770"}],"wp:term":[{"taxonomy":"category","embeddable":true,"href":"https:\/\/emilkirkegaard.dk\/da\/index.php?rest_route=%2Fwp%2Fv2%2Fcategories&post=2770"},{"taxonomy":"post_tag","embeddable":true,"href":"https:\/\/emilkirkegaard.dk\/da\/index.php?rest_route=%2Fwp%2Fv2%2Ftags&post=2770"}],"curies":[{"name":"wp","href":"https:\/\/api.w.org\/{rel}","templated":true}]}}