{"id":2773,"date":"2013-01-23T07:50:38","date_gmt":"2013-01-23T06:50:38","guid":{"rendered":"http:\/\/emilkirkegaard.dk\/da\/?p=2773"},"modified":"2013-01-23T07:50:38","modified_gmt":"2013-01-23T06:50:38","slug":"nyhederkommentarer-23-01-13","status":"publish","type":"post","link":"https:\/\/emilkirkegaard.dk\/da\/?p=2773","title":{"rendered":"Nyheder+kommentarer 23-01-13"},"content":{"rendered":"<p><a href=\"http:\/\/politiken.dk\/tjek\/penge\/jura\/ECE1864340\/frisoerer-vi-bliver-noedt-til-at-tage-minutpriser-i-fremtiden\/\">http:\/\/politiken.dk\/tjek\/penge\/jura\/ECE1864340\/frisoerer-vi-bliver-noedt-til-at-tage-minutpriser-i-fremtiden\/<\/a><\/p>\n<p>&nbsp;<\/p>\n<p>de kommer v\u00e6l te at f\u00e5 kons\u00e9kv\u00e6nser for arbajdet.<\/p>\n<p>&nbsp;<\/p>\n<p>mere tidspres m\u00e6df\u00f8rer flere fajl\/sjusk,<\/p>\n<p>&#8211;<\/p>\n<p>&nbsp;<\/p>\n<p><a href=\"http:\/\/www.dr.dk\/Nyheder\/Penge\/2013\/01\/12\/0112145214.htm?rss=true\">http:\/\/www.dr.dk\/Nyheder\/Penge\/2013\/01\/12\/0112145214.htm?rss=true<\/a><\/p>\n<p>&nbsp;<\/p>\n<p><span style=\"color: #800000;\">Der er en l\u00f8sning p\u00e5 vej til de omkring fire millioner danske brugere af NemID, der, grundet en fejl i software-programmet Java, ikke kan f\u00f8le sig sikre i disse dage.<\/span><\/p>\n<p>&nbsp;<\/p>\n<p>wtf am i reading. software-programmet??? vad fuck er et hardwareprogram???<\/p>\n<p>&nbsp;<\/p>\n<p>&#8211;<\/p>\n<p>&nbsp;<\/p>\n<p><a href=\"http:\/\/politiken.dk\/udland\/ECE1866138\/uganda-betaler-stjaalne-bistandskroner-tilbage-til-danmark\/\">http:\/\/politiken.dk\/udland\/ECE1866138\/uganda-betaler-stjaalne-bistandskroner-tilbage-til-danmark\/<\/a><\/p>\n<p>&nbsp;<\/p>\n<p>opposit day<\/p>\n<p>&nbsp;<\/p>\n<p>&#8211;<\/p>\n<p>&nbsp;<\/p>\n<p><a href=\"http:\/\/www.dr.dk\/Nyheder\/Indland\/2013\/01\/12\/042706.htm?rss=true\">http:\/\/www.dr.dk\/Nyheder\/Indland\/2013\/01\/12\/042706.htm?rss=true<\/a><\/p>\n<p>&nbsp;<\/p>\n<p><span style=\"color: #800000;\">&#8211; Der er noget absurd over, at vi har brug for fagl\u00e6rte, som der er f\u00e6rre af p\u00e5 arbejdsmarkedet. I stedet for har vi rigtig mange kulturantropologer, siger Niels Rosendal Jensen.<\/span><\/p>\n<p>&#8230;<\/p>\n<p><span style=\"color: #800000;\">En anden unders\u00f8gelse fra t\u00e6nketanken Kraka har vist, at hver femte danske akademiker er overuddannet. Det vil sige, at de arbejder p\u00e5 et lavere niveau, end de reelt er uddannet til. Andelen af overuddannede akademikere er fordoblet p\u00e5 20 \u00e5r.<\/span><\/p>\n<p>&nbsp;<\/p>\n<p><span style=\"color: #800000;\">I sin nyt\u00e5rstale sagde statsminister Helle Thorning-Schmidt (S) til Danmarks unge:<\/span><\/p>\n<p>&nbsp;<\/p>\n<p><span style=\"color: #800000;\">&#8211; Tag en uddannelse. Ikke for jeres for\u00e6ldres skyld. Ikke for min skyld. Men for jeres egen skyld. Det vigtigste er ikke, hvilken uddannelse I tager. Det vigtigste er, at I tager en.<\/span><\/p>\n<p>&nbsp;<\/p>\n<p><span style=\"color: #800000;\">Men is\u00e6r den sidste del af udsagnet er b\u00e5de Niels Rosendal Jensen og Stina Vrang Elias lodret uenige i. De mener, at der er for lidt fokus p\u00e5, at der faktisk er stor forskel p\u00e5 jobmulighederne.<\/span><\/p>\n<p>&nbsp;<\/p>\n<p>&#8211;<\/p>\n<p>&nbsp;<\/p>\n<p><a href=\"http:\/\/www.dr.dk\/Nyheder\/Politik\/2013\/01\/11\/0111222421.htm?rss=true\">http:\/\/www.dr.dk\/Nyheder\/Politik\/2013\/01\/11\/0111222421.htm?rss=true<\/a><\/p>\n<p>&nbsp;<\/p>\n<p>b\u00e6dre end engenteng<\/p>\n<p>&nbsp;<\/p>\n<p><a href=\"http:\/\/www.dr.dk\/Nyheder\/Politik\/2013\/01\/11\/0111214521.htm?rss=true\">http:\/\/www.dr.dk\/Nyheder\/Politik\/2013\/01\/11\/0111214521.htm?rss=true<\/a><\/p>\n<p>&nbsp;<\/p>\n<p>&#8211;<\/p>\n<p>&nbsp;<\/p>\n<p><a href=\"http:\/\/www.dr.dk\/Nyheder\/Penge\/2013\/01\/11\/151845.htm?rss=true\">http:\/\/www.dr.dk\/Nyheder\/Penge\/2013\/01\/11\/151845.htm?rss=true<\/a><\/p>\n<p><span style=\"color: #800000;\">4 ud af 10 danske kvinder arbejder p\u00e5 deltid<\/span><\/p>\n<p>&#8230;<\/p>\n<p><span style=\"color: #800000;\">&#8211; Vi har i dag 14 ansatte kvinder, hvoraf de otte arbejder p\u00e5 deltid, mens vi det kun er \u00e9n ud af vores 32 mandlige ansatte, der g\u00f8r det samme, siger Sune Lohse, der er konsulentchef hos Abakion.<\/span><\/p>\n<p>&nbsp;<\/p>\n<p>\u00e5nde s\u00e6ksistiske krafter holder kvenderne telbae, \u00e6ller vordan var de nu?<\/p>\n<p>&nbsp;<\/p>\n<p><span style=\"color: #800000;\">Han fort\u00e6ller, at de kvindelige ansatte arbejder p\u00e5 deltid, fordi de har sm\u00e5 b\u00f8rn, mens den eneste mand, der arbejde deltid i virksomheden g\u00f8r det, fordi han har sit eget firma ved siden af.<\/span><\/p>\n<p>&nbsp;<\/p>\n<p>LOL?!<\/p>\n<p>&nbsp;<\/p>\n<p><span style=\"color: #800000;\">Ann Lehmann Erichsen fra Nordea giver her tre r\u00e5d til kvinder, der er eller \u00f8nsker at g\u00e5 p\u00e5 deltid:<\/span><\/p>\n<p>&nbsp;<\/p>\n<p><span style=\"color: #800000;\">F\u00e5 beregnet, hvad din husstand skal indbetale ekstra p\u00e5 din pensionsopsparing, s\u00e5 du ender med det samme i pension, som hvis du var p\u00e5 fuld tid<\/span><\/p>\n<p>&nbsp;<\/p>\n<p><span style=\"color: #800000;\">Indg\u00e5 en \u00e6gtepagt, s\u00e5 du f\u00e5r del i din \u00e6gtef\u00e6lles pension, hvis I skilles.<\/span><\/p>\n<p>&nbsp;<\/p>\n<p><span style=\"color: #800000;\">G\u00e5 op i tid, brug en barnepige og k\u00f8b hushj\u00e6lp til kr\u00e6vende pligter.<\/span><\/p>\n<p>&nbsp;<\/p>\n<p>alts\u00e5, nas mere p\u00e5 din mand. husk osse p\u00e5 at kvender st\u00e5r for ~70% a skelsmisserne:<\/p>\n<p>&nbsp;<\/p>\n<p><a name=\"cite_ref-32\"><\/a><span style=\"color: #800000;\">The <a href=\"https:\/\/en.wikipedia.org\/wiki\/National_Center_for_Health_Statistics\">National Center for Health Statistics<\/a> reports that from 1975 to 1988 in the U.S., in families with children present, <\/span><span style=\"color: #800000;\"><strong>wives file for divorce in approximately two-thirds of cases<\/strong><\/span><span style=\"color: #800000;\">. <\/span><span style=\"color: #800000;\"><strong>In 1975, 71.4% of the cases were filed by women, and in 1988, 65% were filed by women.<\/strong><\/span><span style=\"color: #800000;\"><a href=\"https:\/\/en.wikipedia.org\/wiki\/Divorce#cite_note-32\">[32]<\/a> It is estimated that upwards of 95% of divorces in the U.S. are &#8220;uncontested&#8221;, because the two parties are able to come to an agreement without a hearing (either with or without lawyers\/mediators\/collaborative counsel) about the property, children, and support issues.<\/span><\/p>\n<p><span style=\"color: #800000;\">&#8230;<\/span><\/p>\n<p><span style=\"color: #800000;\">According to this survey, husbands engaged in extramarital affairs in 75% of cases; wives in 25%. In cases of family strain, wives&#8217; families were the primary source of strain in 78%, compared to 22% of husbands&#8217; families. Emotional and physical abuse were more evenly split, with wives affected in 60% and husbands in 40% of cases. In 70% of workaholism-related divorces it was husbands who were the cause, and in 30%, wives. <strong>The 2004 survey found that 93% of divorce cases were petitioned by wives, very few of which were contested.<\/strong> 53% of divorces were of marriages that had lasted 10 to 15 years, with 40% ending after 5 to 10 years. The first 5 years are relatively divorce-free, and if a marriage survives more than 20 years it is unlikely to end in divorce.<\/span><\/p>\n<p><a href=\"https:\/\/en.wikipedia.org\/wiki\/Divorce\">https:\/\/en.wikipedia.org\/wiki\/Divorce<\/a><\/p>\n<p>&nbsp;<\/p>\n<p>&#8211;<\/p>\n<p>&nbsp;<\/p>\n<p><a href=\"http:\/\/nyhederne.tv2.dk\/article.php\/id-62816863:pornobranche-vil-af-med-kondomlov.html?rss\">http:\/\/nyhederne.tv2.dk\/article.php\/id-62816863:pornobranche-vil-af-med-kondomlov.html?rss<\/a><\/p>\n<p>&nbsp;<\/p>\n<p>form\u00f8nderiet forts\u00e6tter<\/p>\n<p>&nbsp;<\/p>\n<p>&#8211;<\/p>\n<p>&nbsp;<\/p>\n<p><a href=\"http:\/\/nyhederne.tv2.dk\/article.php\/id-62813040:dr-vil-ikke-l\u00e6ngere-snyde-seerne.html?rss\">http:\/\/nyhederne.tv2.dk\/article.php\/id-62813040:dr-vil-ikke-l%C3%A6ngere-snyde-seerne.html?rss<\/a><\/p>\n<p>ekke l\u00e6ngere?! di ville tidliere??<\/p>\n<p>&nbsp;<\/p>\n<p><a href=\"http:\/\/ing.dk\/artikel\/135510-se-en-selvstyrende-audi-tts-paa-racerbane\">http:\/\/ing.dk\/artikel\/135510-se-en-selvstyrende-audi-tts-paa-racerbane<\/a><\/p>\n<p>&nbsp;<\/p>\n<p>racing uden m\u00e6nsker i framtiden?<\/p>\n<p>&nbsp;<\/p>\n<p>&#8211;<\/p>\n<p>&nbsp;<\/p>\n<p><a href=\"http:\/\/ing.dk\/artikel\/135476-mercedes-sender-selvstyrende-biler-ud-paa-de-danske-veje\">http:\/\/ing.dk\/artikel\/135476-mercedes-sender-selvstyrende-biler-ud-paa-de-danske-veje<\/a><\/p>\n<p>&nbsp;<\/p>\n<p>kommer te at betyde at en voldsom m\u00e6ngde arbajdspladser forsvender.. ca. alle sjuf\u00f8rer.<\/p>\n<p>&nbsp;<\/p>\n<p>&#8211;<\/p>\n<p>&nbsp;<\/p>\n<p><a href=\"http:\/\/ing.dk\/artikel\/135493-ny-oe-fundet-i-vadehavet\">http:\/\/ing.dk\/artikel\/135493-ny-oe-fundet-i-vadehavet<\/a><\/p>\n<p>&nbsp;<\/p>\n<p><span style=\"color: #800000;\">Danmark havde en lignende sag for 20-30 \u00e5r siden, hvor en \u00f8 h\u00e6vede sig ud for kysten af en privat strand. Lodsejeren mente at han derfor ejede \u00f8en, men staten hev ham i retten.<\/span><\/p>\n<p>&nbsp;<\/p>\n<p><span style=\"color: #800000;\">Sagen var slet ikke let at finde lovhjemmel for og til sidste m\u00e5tte man gribe fat i Jyske Lov fra 1200-tallet, hvor der st\u00e5r noget a la (frit efter hukommelsen): Hvad ingen ejer, ejer Kongen. S\u00e5 da lodsejeren ikke havde et sk\u00f8de p\u00e5 \u00f8en, tilfaldt den staten. <\/span>(Michael Eriksen)<\/p>\n<p>&nbsp;<\/p>\n<p>wat<\/p>\n<p>&nbsp;<\/p>\n<p>&#8211;<\/p>\n<p>&nbsp;<\/p>\n<p><a href=\"http:\/\/www.180grader.dk\/Politik\/eu-angriber-messerschmidt-for-hans-beretninger-om-svindel-i-eu-men-kan-kun-gre-indsigelse-mod-4-ud-af-87-eksempler\">http:\/\/www.180grader.dk\/Politik\/eu-angriber-messerschmidt-for-hans-beretninger-om-svindel-i-eu-men-kan-kun-gre-indsigelse-mod-4-ud-af-87-eksempler<\/a><\/p>\n<p>&nbsp;<\/p>\n<p>&#8211;<\/p>\n<p>&nbsp;<\/p>\n<p><a href=\"http:\/\/www.180grader.dk\/IT\/ipads-spraenger-skolebudget-tv-2-nyhederne\">http:\/\/www.180grader.dk\/IT\/ipads-spraenger-skolebudget-tv-2-nyhederne<\/a><\/p>\n<p>&nbsp;<\/p>\n<p>&#8211;<\/p>\n<p>&nbsp;<\/p>\n<p><a href=\"http:\/\/www.180grader.dk\/Politik\/paedofili-jagt-i-bupl\">http:\/\/www.180grader.dk\/Politik\/paedofili-jagt-i-bupl<\/a><\/p>\n<p>&nbsp;<\/p>\n<p>&#8211;<\/p>\n<p>&nbsp;<\/p>\n<p><a href=\"http:\/\/politiken.dk\/ibyen\/nyheder\/film\/ECE1864453\/psykolog-modigt-af-vinterberg-at-lave-en-film-om-paedofili\/\">http:\/\/politiken.dk\/ibyen\/nyheder\/film\/ECE1864453\/psykolog-modigt-af-vinterberg-at-lave-en-film-om-paedofili\/<\/a><\/p>\n<p>&nbsp;<\/p>\n<p>must see i suppose<\/p>\n<p>&nbsp;<\/p>\n<p>&#8211;<\/p>\n<p>&nbsp;<\/p>\n<p><a href=\"http:\/\/www.180grader.dk\/Politik\/kun-for-kvinder-1#c493957\">http:\/\/www.180grader.dk\/Politik\/kun-for-kvinder-1#c493957<\/a><\/p>\n<p>&nbsp;<\/p>\n<p>\u201dPersonligt gl\u00e6der jeg mig bare til, der kun bliver et f\u00e6lles omkl\u00e6dningsrum, i ligestillingens navn.\u201d (<a href=\"http:\/\/www.180grader.dk\/profil\/kondi\">kondi<\/a>)<\/p>\n<p>&nbsp;<\/p>\n<p>good one!<\/p>\n<p>&nbsp;<\/p>\n<p>&#8211;<\/p>\n<p>&nbsp;<\/p>\n<p>[22:22:09] Emil &#8211; Deleet: &gt;Berlusconi vinder frem i ny m\u00e5ling trods sexskandalesag<\/p>\n<p>[22:22:28] Emil &#8211; Deleet: hot bitch tho<\/p>\n<p>[22:22:39] Emil &#8211; Deleet: also BANG<\/p>\n<p>&gt;duck face<\/p>\n<p>[22:22:50] Jens Arh\u00f8j &#8211; Strawb: P\u00e5 hvilket billede?<\/p>\n<p>[22:22:54] Emil &#8211; Deleet: http:\/\/www.dr.dk\/Nyheder\/Udland\/2013\/01\/14\/0114074842.htm?rss=true<\/p>\n<p>[22:23:04] Jens Arh\u00f8j &#8211; Strawb: Bang!<\/p>\n<p>[22:23:10] Emil &#8211; Deleet: http:\/\/www.dr.dk\/Nyheder\/Udland\/2012\/12\/28\/1228135137.htm<\/p>\n<p>[22:23:11] Emil &#8211; Deleet: hahahaha<\/p>\n<p>[22:23:14] Emil &#8211; Deleet: do not want.jpg<\/p>\n<p>[22:23:20] Jens Arh\u00f8j &#8211; Strawb: xD<\/p>\n<p>[22:23:21] Emil &#8211; Deleet: awesome pic!<\/p>\n<p>[22:25:02] Emil &#8211; Deleet: &gt;Silvio Berlusconi er blevet skilt fra sin anden kone, Veronica Lario, og d\u00f8mt til at betale knap 270 millioner kroner \u00e5rligt i underholdsbidrag<\/p>\n<p>[22:25:07] Emil &#8211; Deleet: underholdsbridrag???<\/p>\n<p>[22:25:32] Jens Arh\u00f8j &#8211; Strawb: Wtf<\/p>\n<p>[22:26:10] Emil &#8211; Deleet: &gt;- Hun er en meget smuk pige udenp\u00e5, men hun er endnu smukkere indeni, sagde Berlusconi til en Mediasat tv-kanal tidligere i december.<\/p>\n<p>[22:26:12] Emil &#8211; Deleet: lol<\/p>\n<p>[22:26:51] Jens Arh\u00f8j &#8211; Strawb: Lol indeed<\/p>\n<p>[22:29:01] Emil &#8211; Deleet: http:\/\/nyhederne.tv2.dk\/article.php\/id-62869270:danmark-sender-fly-til-mali.html?rss<\/p>\n<p>[22:29:07] Emil &#8211; Deleet: why are we wasting money again&#8230;<\/p>\n<p>[22:29:10 | Edited 22:29:16] Emil &#8211; Deleet: Mali, who cares<\/p>\n<p>[22:31:38] Emil &#8211; Deleet: krispartiet v\u00e6nstre vel brue penge ig\u00e6n<\/p>\n<p>[22:31:38] Emil &#8211; Deleet: http:\/\/www.b.dk\/politiko\/venstre-vi-har-pligt-til-handling-i-mali<\/p>\n<p>[22:32:19] Jens Arh\u00f8j &#8211; Strawb: &#8220;Pligt til handling&#8221;? Situationen har intet med DK at g\u00f8re, hvordan giver det &#8220;pligt til handling&#8221;?<\/p>\n<p>[22:32:31] Emil &#8211; Deleet: who knows<\/p>\n<p>[22:32:34] Emil &#8211; Deleet: m\u00e6n penge koster de!<\/p>\n<p>[22:32:39] Emil &#8211; Deleet: http:\/\/www.b.dk\/nationalt\/radikale-anklager-politiet-for-at-vaere-paa-kant-med-loven<\/p>\n<p>[22:32:50] Emil &#8211; Deleet: disse stofkrie er g\u00e5f for politiet<\/p>\n<p>[22:32:56] Emil &#8211; Deleet: mere magt? YES PLEASE<\/p>\n<p>[22:33:12] Jens Arh\u00f8j &#8211; Strawb: Yeah<\/p>\n<p>[22:36:40] Emil &#8211; Deleet: http:\/\/ing.dk\/artikel\/135542-nu-traekkes-de-udskaeldte-draenroer-op-af-vestkystens-strande<\/p>\n<p>[22:37:07 | Edited 22:37:34] Emil &#8211; Deleet: 1. try something<\/p>\n<p>2. it doesnt work<\/p>\n<p>3. ignore science<\/p>\n<p>4. try again<\/p>\n<p>5. guess what<\/p>\n<p>6. okay.jpg<\/p>\n<p>7. remove<\/p>\n<p>8. wasted money<\/p>\n<p>[22:38:30] Jens Arh\u00f8j &#8211; Strawb: yes<\/p>\n<p>[22:39:26] Emil &#8211; Deleet: http:\/\/ing.dk\/artikel\/135520-hver-tredje-phder-bruger-ikke-sin-grad<\/p>\n<p>&nbsp;<\/p>\n<p>academic inflation is waste of money<\/p>\n<p>[22:39:36] Emil &#8211; Deleet: https:\/\/en.wikipedia.org\/wiki\/Academic_inflation<\/p>\n<p>[22:42:32] Emil &#8211; Deleet: http:\/\/ing.dk\/artikel\/135473-intelligens-er-mange-ting-bare-ikke-ven-med-alderen<\/p>\n<p>&nbsp;<\/p>\n<p>retard journalist<\/p>\n<p>[22:42:36] Emil &#8211; Deleet: &gt;Hvis den monolitiske g-faktor vitterlig findes, betyder det nemlig, at nogle mennesker er smartere end andre over hele linjen, og ikke bare i nogle bestemte ting. I en analogi til sporten ville det betyde, at verdensmesteren i tikamp ikke bare var den bedste sammenlagt, men ogs\u00e5 den bedste i alle discipliner. Mange har sv\u00e6rt ved at tro p\u00e5, at det forholder sig s\u00e5dan med intelligens.<\/p>\n<p>[22:42:39] Emil &#8211; Deleet: sekke n\u00e5et vr\u00f8vl<\/p>\n<p>[22:47:42] Emil &#8211; Deleet: &gt;Angst er d\u00e5rligt, is\u00e6r for korttidshukommelsen, og rygning viser sig at v\u00e6re meget skidt. Storrygere, som ryger mere end 30 cigaretter om dagen, scorer signifikant d\u00e5rligere i de verbale evner og i korttidshukommelsen.<\/p>\n<p>[22:47:48] Emil &#8211; Deleet: fucking correlation causation -.-<\/p>\n<p>[23:44:56] Emil &#8211; Deleet: http:\/\/denkorteavis.dk\/2013\/krav-fra-regeringen-politiet-skal-udskrive-182-000-faerdselsbode-i-2013\/<\/p>\n<p>&nbsp;<\/p>\n<p>increased taxes, sort of<\/p>\n<p>[23:54:32] Emil &#8211; Deleet: http:\/\/denkorteavis.dk\/2013\/krasniks-kalotgang-pa-norrebro\/<\/p>\n<p>&nbsp;<\/p>\n<p>that wasnt surprising<\/p>\n<p>&nbsp;<\/p>\n<p>&#8211;<\/p>\n<p>&nbsp;<\/p>\n<p><a href=\"http:\/\/politiken.dk\/sport\/cykling\/ECE1874137\/armstrongs-boeger-flyttes-til-sektion-for-skoenlitteratur\/\">http:\/\/politiken.dk\/sport\/cykling\/ECE1874137\/armstrongs-boeger-flyttes-til-sektion-for-skoenlitteratur\/<\/a><\/p>\n<p>&nbsp;<\/p>\n<p>lolwut<\/p>\n<p>&nbsp;<\/p>\n<p>&#8211;<\/p>\n<p>&nbsp;<\/p>\n<p><a href=\"http:\/\/politiken.dk\/kultur\/boger\/interview_boger\/ECE1866266\/forfatter-soeger-rigmaend-om-penge---faar-tandpasta-og-tantrasex\/\">http:\/\/politiken.dk\/kultur\/boger\/interview_boger\/ECE1866266\/forfatter-soeger-rigmaend-om-penge&#8212;faar-tandpasta-og-tantrasex\/<\/a><\/p>\n<p>&nbsp;<\/p>\n<p><span style=\"color: #800000;\">Kvinden var den dengang 35-\u00e5rige forfatter Mathilde Walter Clark, som efter udgivelsen af sin debutroman, \u2019Thorsten Madsens Ego\u2019, opdagede, at hun umuligt kunne leve af at skrive b\u00f8ger, eftersom den f\u00f8rste udgivelse kastede beskedne 9.200 kr. af sig. <\/span><\/p>\n<p>&nbsp;<\/p>\n<p>vad hade hun rajnet m\u00e6d???<\/p>\n<p>&nbsp;<\/p>\n<p>&#8211;<\/p>\n<p>&nbsp;<\/p>\n<p><a href=\"http:\/\/www.dr.dk\/Nyheder\/Indland\/2013\/01\/20\/112041.htm?rss=true\">http:\/\/www.dr.dk\/Nyheder\/Indland\/2013\/01\/20\/112041.htm?rss=true<\/a><\/p>\n<p>&nbsp;<\/p>\n<h3>&#8211; Bl\u00e5\u00f8jet at lade v\u00e6re<\/h3>\n<p><span style=\"color: #800000;\">If\u00f8lge internationale regler kan visse udgifter til asylsystemet kategoriseres som udviklingsbistand.<\/span><\/p>\n<p><span style=\"color: #800000;\">Udviklingsminiser Christian Friis Bach forsvarer beslutningen:<\/span><\/p>\n<p><span style=\"color: #800000;\">&#8211; Det ville v\u00e6re bl\u00e5\u00f8jet ikke at rapportere pengene som udviklingsbistand. En r\u00e6kke andre lande g\u00f8r det p\u00e5 samme m\u00e5de, siger han til Jyllands-Posten.<\/span><\/p>\n<p><span style=\"color: #800000;\">Han tilf\u00f8jer, at pengene ikke tages fra den traditionelle n\u00f8dhj\u00e6lp, der g\u00e5r til\u00a0sultende b\u00f8rn.<\/span><\/p>\n<p>&nbsp;<\/p>\n<p>\u00e5benlys fajlslutneng&#8230;<\/p>\n<p>&nbsp;<\/p>\n<p>&#8211;<\/p>\n<p>&nbsp;<\/p>\n<p><a href=\"http:\/\/www.b.dk\/globalt\/skolelaerer-gift-med-elev-efter-sex-sag\">http:\/\/www.b.dk\/globalt\/skolelaerer-gift-med-elev-efter-sex-sag<\/a><\/p>\n<p>&nbsp;<\/p>\n<p>stakkels dreng ble jernevasket o mishandlet, \u00e6ller vordan er de nu?<\/p>\n<p>&nbsp;<\/p>\n<p>&#8211;<\/p>\n<p>&nbsp;<\/p>\n<p><a href=\"http:\/\/www.kristeligt-dagblad.dk\/artikel\/495204:Kirke---tro--Soeges--Praest-med-tro\">http:\/\/www.kristeligt-dagblad.dk\/artikel\/495204:Kirke&#8212;tro&#8211;Soeges&#8211;Praest-med-tro<\/a><\/p>\n<p>&nbsp;<\/p>\n<p><span style=\"color: #800000;\">I hvert fald ikke if\u00f8lge menigheden i Mejdal Kirke i Viborg Stift, som skal have ny pr\u00e6st. Menighedsr\u00e5det skriver sort p\u00e5 hvidt i jobopslaget, at de s\u00f8ger en pr\u00e6st, \u201dder er troende\u201d. If\u00f8lge en r\u00e6kke kilder er det f\u00f8rste gang, at en kirke formulerer troen som et krav til pr\u00e6ster i et jobopslag. Det er blandt andet sagen fra 2003 om den tidligere sognepr\u00e6st Thorkild Grosb\u00f8ll, der afviste troen p\u00e5 \u201den skabende og opretholdende gud\u201d, der har motiveret menighedsr\u00e5det til formuleringen. Det fort\u00e6ller formand for menighedsr\u00e5det i Mejdal Pastorat Karl Georg Pedersen. <\/span><\/p>\n<p>&nbsp;<\/p>\n<p>De er ulovlit at diskrimin\u00e9re p\u00e5 basis a religi\u00f8s overbevisneng ved ans\u00e6ttelse a personer.<\/p>\n<p>&nbsp;<\/p>\n<p>Jaj har f\u00f8ljeli s\u00e6ndt en email tel Politiet i Midtvestjylland:<\/p>\n<p>&nbsp;<\/p>\n<p>Modtager: <a href=\"mailto:mvjyl@politi.dk\">mvjyl@politi.dk<\/a><\/p>\n<p>Titel: Ulovlig diskrimination p\u00e5 basis af religi\u00f8s overbevisning<\/p>\n<p>&#8220;<a href=\"http:\/\/www.kristeligt-dagblad.dk\/artikel\/495204:Kirke---tro--Soeges--Praest-med-tro\">http:\/\/www.kristeligt-dagblad.dk\/artikel\/495204:Kirke&#8212;tro&#8211;Soeges&#8211;Praest-med-tro<\/a><\/p>\n<p>Medmindre at de har en speciel tilladelse til at diskriminere p\u00e5 basis af religi\u00f8s overbevisning, s\u00e5 er det klokkeklart er brud p\u00e5 loven.<\/p>\n<p>https:\/\/www.retsinformation.dk\/Forms\/r0710.aspx?id=122522#Kap3<\/p>\n<p>Som man kan l\u00e6se, s\u00e5 findes der en undtagelse i loven. Men jeg mener nu ikke, at det er tydeligt, at det er \u00a76, stk. 2 g\u00e6lder. Man har jo tidligere set, at pr\u00e6ster godt kan <a href=\"http:\/\/www.kristeligt-dagblad.dk\/artikel\/358334:Thorkild-Grosboell--Grosboell--Jeg-tror-ikke-paa-saadan-noget-sludder\">udf\u00f8re deres erhverv uden at v\u00e6re troende<\/a>. I \u00f8vrigt, s\u00e5 er Grosb\u00f8ll med garanti ikke den eneste, blot den mest \u00e5benmundede. Hvis man lavede en anonym sp\u00f8rgeunders\u00f8gelse blandt pr\u00e6ster, s\u00e5 ville man med garanti finde, at der er masser af pr\u00e6ster som ikke er religi\u00f8se. Religi\u00f8s opfattelse er derfor ikke af &#8220;afg\u00f8rende betydning&#8221; som loven kr\u00e6ver. \u201d<\/p>\n<p>&nbsp;<\/p>\n<p>&#8211;<\/p>\n<p>&nbsp;<\/p>\n<p>&nbsp;<\/p>\n","protected":false},"excerpt":{"rendered":"<p>http:\/\/politiken.dk\/tjek\/penge\/jura\/ECE1864340\/frisoerer-vi-bliver-noedt-til-at-tage-minutpriser-i-fremtiden\/ &nbsp; de kommer v\u00e6l te at f\u00e5 kons\u00e9kv\u00e6nser for arbajdet. &nbsp; mere tidspres m\u00e6df\u00f8rer flere fajl\/sjusk, &#8211; &nbsp; http:\/\/www.dr.dk\/Nyheder\/Penge\/2013\/01\/12\/0112145214.htm?rss=true &nbsp; Der er en l\u00f8sning p\u00e5 vej til de omkring fire millioner danske brugere af NemID, der, grundet en fejl i software-programmet Java, ikke kan f\u00f8le sig sikre i disse dage. &nbsp; wtf am i [&hellip;]<\/p>\n","protected":false},"author":4,"featured_media":0,"comment_status":"open","ping_status":"open","sticky":false,"template":"","format":"standard","meta":{"footnotes":""},"categories":[1],"tags":[],"class_list":["post-2773","post","type-post","status-publish","format-standard","hentry","category-uncategorized"],"_links":{"self":[{"href":"https:\/\/emilkirkegaard.dk\/da\/index.php?rest_route=\/wp\/v2\/posts\/2773","targetHints":{"allow":["GET"]}}],"collection":[{"href":"https:\/\/emilkirkegaard.dk\/da\/index.php?rest_route=\/wp\/v2\/posts"}],"about":[{"href":"https:\/\/emilkirkegaard.dk\/da\/index.php?rest_route=\/wp\/v2\/types\/post"}],"author":[{"embeddable":true,"href":"https:\/\/emilkirkegaard.dk\/da\/index.php?rest_route=\/wp\/v2\/users\/4"}],"replies":[{"embeddable":true,"href":"https:\/\/emilkirkegaard.dk\/da\/index.php?rest_route=%2Fwp%2Fv2%2Fcomments&post=2773"}],"version-history":[{"count":1,"href":"https:\/\/emilkirkegaard.dk\/da\/index.php?rest_route=\/wp\/v2\/posts\/2773\/revisions"}],"predecessor-version":[{"id":2774,"href":"https:\/\/emilkirkegaard.dk\/da\/index.php?rest_route=\/wp\/v2\/posts\/2773\/revisions\/2774"}],"wp:attachment":[{"href":"https:\/\/emilkirkegaard.dk\/da\/index.php?rest_route=%2Fwp%2Fv2%2Fmedia&parent=2773"}],"wp:term":[{"taxonomy":"category","embeddable":true,"href":"https:\/\/emilkirkegaard.dk\/da\/index.php?rest_route=%2Fwp%2Fv2%2Fcategories&post=2773"},{"taxonomy":"post_tag","embeddable":true,"href":"https:\/\/emilkirkegaard.dk\/da\/index.php?rest_route=%2Fwp%2Fv2%2Ftags&post=2773"}],"curies":[{"name":"wp","href":"https:\/\/api.w.org\/{rel}","templated":true}]}}