{"id":2775,"date":"2013-01-23T11:53:39","date_gmt":"2013-01-23T10:53:39","guid":{"rendered":"http:\/\/emilkirkegaard.dk\/da\/?p=2775"},"modified":"2013-01-23T11:53:52","modified_gmt":"2013-01-23T10:53:52","slug":"hojtuddannedes-born-er-de-langsomste-studerende","status":"publish","type":"post","link":"https:\/\/emilkirkegaard.dk\/da\/?p=2775","title":{"rendered":"&#8220;h\u00f8jtuddannedes b\u00f8rn er de langsomste studerende&#8221;"},"content":{"rendered":"<p><a href=\"http:\/\/www.information.dk\/448775\">http:\/\/www.information.dk\/448775<\/a><\/p>\n<p>&nbsp;<\/p>\n<p><span style=\"color: #800000;\">\u00bbDet er en tilsnigelse, for samlet set er arbejderb\u00f8rn i gennemsnit en smule l\u00e6ngere tid om studierne,\u00ab siger Esben Anton Schultz, der dog mener, at det st\u00f8rste problem med SU-systemet er, at alt for f\u00e5 unge fra ufagl\u00e6rte hjem ikke kommer ind p\u00e5 SU-berettigede uddannelser, is\u00e6r de lange videreg\u00e5ende uddannelser.<\/span><\/p>\n<p>&nbsp;<\/p>\n<p>Vr\u00f8vl. De er n\u00e6rmere at vi fors\u00f8er at uddanne for mange m\u00e6nsker i liegyldie uddannelser. Ekke alle m\u00e6nsker er smarte nok tel at g\u00e5 p\u00e5 universit\u00e9tet ves dette skal foreg\u00e5 p\u00e5 de tradisjon\u00e6lle nivo.<\/p>\n<p>&nbsp;<\/p>\n<p>&#8211;<\/p>\n<p>&nbsp;<\/p>\n<p><span style=\"color: #800000;\">\u00bbDer er ingen, der har sagt, at vi skal sk\u00e6re i SU\u2019en, men det er da interessant, at det ikke n\u00f8dvendigvis er antallet af hyldemeter i bogreolen i barndomshjemmet, der har betydning for, om man kommer hurtigt igennem,\u00ab siger Sofie Carsten Nielsen.<\/span><\/p>\n<p>&nbsp;<\/p>\n<p>d\u00e6r er entet godt evid\u00e6ns for at de skulle ha n\u00e5et m\u00e6d antal b\u00f8er d\u00e6rj\u00e6mme at g\u00f8re. de er bar en proxy for for\u00e6ldrenes o elevens g-faktor. g-faktor er d\u00e6n b\u00e6dste predictor a disse teng.<\/p>\n<p>&nbsp;<\/p>\n<p>&#8211;<\/p>\n<p>&nbsp;<\/p>\n<p>Som jaj skrev i min kommentar:<\/p>\n<p>De mere intelligente elever kommer hurtigere gennem studiet. Det er ikke overraskende. Akademikerb\u00f8rn er smartere end ikke-akademikerb\u00f8rn. Det kan ikke komme som nogen overraskelse for nogen som ved noget om intelligensforskning.<\/p>\n<p>&nbsp;<\/p>\n<p>no surprise.<\/p>\n<p>&nbsp;<\/p>\n<p>&nbsp;<\/p>\n","protected":false},"excerpt":{"rendered":"<p>http:\/\/www.information.dk\/448775 &nbsp; \u00bbDet er en tilsnigelse, for samlet set er arbejderb\u00f8rn i gennemsnit en smule l\u00e6ngere tid om studierne,\u00ab siger Esben Anton Schultz, der dog mener, at det st\u00f8rste problem med SU-systemet er, at alt for f\u00e5 unge fra ufagl\u00e6rte hjem ikke kommer ind p\u00e5 SU-berettigede uddannelser, is\u00e6r de lange videreg\u00e5ende uddannelser. &nbsp; Vr\u00f8vl. De [&hellip;]<\/p>\n","protected":false},"author":4,"featured_media":0,"comment_status":"open","ping_status":"open","sticky":false,"template":"","format":"standard","meta":{"footnotes":""},"categories":[33,1704,1681],"tags":[],"class_list":["post-2775","post","type-post","status-publish","format-standard","hentry","category-psykologi","category-uddannelse-videnskab-og-lign","category-uddannelse-politik"],"_links":{"self":[{"href":"https:\/\/emilkirkegaard.dk\/da\/index.php?rest_route=\/wp\/v2\/posts\/2775","targetHints":{"allow":["GET"]}}],"collection":[{"href":"https:\/\/emilkirkegaard.dk\/da\/index.php?rest_route=\/wp\/v2\/posts"}],"about":[{"href":"https:\/\/emilkirkegaard.dk\/da\/index.php?rest_route=\/wp\/v2\/types\/post"}],"author":[{"embeddable":true,"href":"https:\/\/emilkirkegaard.dk\/da\/index.php?rest_route=\/wp\/v2\/users\/4"}],"replies":[{"embeddable":true,"href":"https:\/\/emilkirkegaard.dk\/da\/index.php?rest_route=%2Fwp%2Fv2%2Fcomments&post=2775"}],"version-history":[{"count":2,"href":"https:\/\/emilkirkegaard.dk\/da\/index.php?rest_route=\/wp\/v2\/posts\/2775\/revisions"}],"predecessor-version":[{"id":2777,"href":"https:\/\/emilkirkegaard.dk\/da\/index.php?rest_route=\/wp\/v2\/posts\/2775\/revisions\/2777"}],"wp:attachment":[{"href":"https:\/\/emilkirkegaard.dk\/da\/index.php?rest_route=%2Fwp%2Fv2%2Fmedia&parent=2775"}],"wp:term":[{"taxonomy":"category","embeddable":true,"href":"https:\/\/emilkirkegaard.dk\/da\/index.php?rest_route=%2Fwp%2Fv2%2Fcategories&post=2775"},{"taxonomy":"post_tag","embeddable":true,"href":"https:\/\/emilkirkegaard.dk\/da\/index.php?rest_route=%2Fwp%2Fv2%2Ftags&post=2775"}],"curies":[{"name":"wp","href":"https:\/\/api.w.org\/{rel}","templated":true}]}}