{"id":2831,"date":"2013-03-20T20:17:26","date_gmt":"2013-03-20T19:17:26","guid":{"rendered":"http:\/\/emilkirkegaard.dk\/da\/?p=2831"},"modified":"2013-03-20T20:17:26","modified_gmt":"2013-03-20T19:17:26","slug":"nyheder-20-03-13","status":"publish","type":"post","link":"https:\/\/emilkirkegaard.dk\/da\/?p=2831","title":{"rendered":"Nyheder 20-03-13"},"content":{"rendered":"<p><a href=\"http:\/\/www.180grader.dk\/Politik\/nu-skal-det-vaere-en-sygdom-at-vaere-for-vild-med-sex-danmark-www-bt-dk#c522396\">http:\/\/www.180grader.dk\/Politik\/nu-skal-det-vaere-en-sygdom-at-vaere-for-vild-med-sex-danmark-www-bt-dk#c522396<\/a><\/p>\n<p>&nbsp;<\/p>\n<p>&#8211;<\/p>\n<p>&nbsp;<\/p>\n<p><a href=\"http:\/\/www.dr.dk\/Nyheder\/Indland\/2013\/03\/07\/103312.htm?rss=true\">http:\/\/www.dr.dk\/Nyheder\/Indland\/2013\/03\/07\/103312.htm?rss=true<\/a><\/p>\n<p>&nbsp;<\/p>\n<p>engen overraskelse d\u00e6r<\/p>\n<p>&nbsp;<\/p>\n<p>&#8211;<\/p>\n<p>&nbsp;<\/p>\n<p><a href=\"http:\/\/nyhederne.tv2.dk\/article.php\/id-65453913:kvinderne-haler-ind-p\u00e5-m\u00e6ndene.html?rss\">http:\/\/nyhederne.tv2.dk\/article.php\/id-65453913:kvinderne-haler-ind-p%C3%A5-m%C3%A6ndene.html?rss<\/a><\/p>\n<p>&nbsp;<\/p>\n<p><span style=\"color: #800000;\">Lige l\u00f8n for lige arbejde.<\/span><\/p>\n<p>&nbsp;<\/p>\n<p><span style=\"color: #800000;\">Det lyder som et rimeligt krav her dagen f\u00f8r Kvindernes Internationale Kampdag &#8211; men der er stadig et stykke vej, f\u00f8r kvinderne n\u00e5r m\u00e6ndenes l\u00f8nniveau.<\/span><\/p>\n<p>&nbsp;<\/p>\n<p>u\u00e6rlit at skrive de s\u00e5dan d\u00e6r. de f\u00e5r de tel at lyde som om at d\u00e6r ekke er lie l\u00f8n for lie arbajde, velket er fork\u00e9rt. di m\u00e5 holde op m\u00e6 deres fantasidiskriminasjonsteorier<\/p>\n<p>&nbsp;<\/p>\n<p>&#8211;<\/p>\n<p>&nbsp;<\/p>\n<p><a href=\"http:\/\/www.b.dk\/nationalt\/usunde-danskere-doer-tidligere-end-andre\">http:\/\/www.b.dk\/nationalt\/usunde-danskere-doer-tidligere-end-andre<\/a><\/p>\n<p>&nbsp;<\/p>\n<p>kaptajn \u00e5benlys<\/p>\n<p>&nbsp;<\/p>\n<p>&#8211;<\/p>\n<p>&nbsp;<\/p>\n<p><a href=\"http:\/\/www.b.dk\/din-mening\/moedepligt-fremfor-eksamenspligt\">http:\/\/www.b.dk\/din-mening\/moedepligt-fremfor-eksamenspligt<\/a><\/p>\n<p>&nbsp;<\/p>\n<p>en majet d\u00e5rli id\u00e9. de tvenger alle tel at tae del i liegyldie o en\u00e6ffektive forel\u00e6snenger!<\/p>\n<p>&nbsp;<\/p>\n<p>&#8211;<\/p>\n<p>&nbsp;<\/p>\n<p><a href=\"http:\/\/www.b.dk\/groft-sagt\/rusforskning\">http:\/\/www.b.dk\/groft-sagt\/rusforskning<\/a><\/p>\n<p>&nbsp;<\/p>\n<p>sekke en tard. statistik er vegtit, ekke random anekdoter.<\/p>\n<p>&nbsp;<\/p>\n<p>&#8211;<\/p>\n<p>&nbsp;<\/p>\n<p><a href=\"http:\/\/www.dr.dk\/Nyheder\/Udland\/2013\/03\/09\/193752.htm\">http:\/\/www.dr.dk\/Nyheder\/Udland\/2013\/03\/09\/193752.htm<\/a><\/p>\n<p>&nbsp;<\/p>\n<p><span style=\"color: #800000;\">Lokale borgmestre har sat sig i spidsen for en bev\u00e6gelsen for at f\u00e5 mindsket evakueringszonen, s\u00e5 flere kan f\u00e5 lov til at flytte hjem til deres fine uskadte huse, som st\u00e5r og venter p\u00e5 dem.<\/span><\/p>\n<p><span style=\"color: #800000;\">De kritiserer bittert, at medier og myndigheder overdriver risikoen. Derved skaber de un\u00f8dig panik blandt folk og g\u00f8r det vanskeligt for landm\u00e6nd og fiskere fra Fukushima at s\u00e6lge deres varer i resten af Japan.<\/span><\/p>\n<p><span style=\"color: #800000;\">Den japanske regering har signaleret, at den inden l\u00e6nge vil tage skridt til at oph\u00e6ve evakueringen i nogle omr\u00e5der.<\/span><\/p>\n<p><span style=\"color: #800000;\">Men omvendt mener milj\u00f8fork\u00e6mpere og atomkraftmodstandere, at et st\u00f8rre omr\u00e5de burde v\u00e6re evakueret, og at det dybest set er uansvarligt at f\u00e5 og opfostre sm\u00e5 b\u00f8rn i det meste af amtet.<\/span><\/p>\n<p><span style=\"color: #800000;\">Mange unge familier ved ikke, hvad de skal tro p\u00e5 &#8211; og det g\u00f8r blot presset endnu v\u00e6rre.<\/span><\/p>\n<p>&nbsp;<\/p>\n<p>endnu en konsekv\u00e6ns a radiofobi&#8230;<\/p>\n<p>&nbsp;<\/p>\n<p>&#8211;<\/p>\n<p>&nbsp;<\/p>\n<p><a href=\"http:\/\/www.dr.dk\/Nyheder\/Kultur\/Film\/2013\/03\/11\/083401.htm\">http:\/\/www.dr.dk\/Nyheder\/Kultur\/Film\/2013\/03\/11\/083401.htm<\/a><\/p>\n<p>&nbsp;<\/p>\n<p>n\u00e6ste teng som skal forenges a feminisme: d\u00e6n danske filmskole<\/p>\n<p>&nbsp;<\/p>\n<p>&#8211;<\/p>\n<p>&nbsp;<\/p>\n<p><a href=\"http:\/\/nyhederne.tv2.dk\/article.php\/id-65594786:\u00e6gtepar-d\u00f8mt-for-menneskehandel.html?rss\">http:\/\/nyhederne.tv2.dk\/article.php\/id-65594786:%C3%A6gtepar-d%C3%B8mt-for-menneskehandel.html?rss<\/a><\/p>\n<p>&nbsp;<\/p>\n<p>lad os nu se vad di faktisk har lavet. m\u00e6nneskehandelsloven er s\u00e5 vidt jaj husker t\u00e6mmelig bred+va.<\/p>\n<p>&nbsp;<\/p>\n<p>&#8211;<\/p>\n<p>&nbsp;<\/p>\n<p><a href=\"http:\/\/www.dr.dk\/Nyheder\/Udland\/2013\/03\/10\/0310193617.htm?rss=true\">http:\/\/www.dr.dk\/Nyheder\/Udland\/2013\/03\/10\/0310193617.htm?rss=true<\/a><\/p>\n<p>&nbsp;<\/p>\n<p>&#8211;<\/p>\n<p>&nbsp;<\/p>\n<p><a href=\"http:\/\/nyhederne.tv2.dk\/article.php\/id-65593313:hadefuld-og-ubarmhjertig-debat-g\u00f8r-ondt-p\u00e5-arbejdsl\u00f8se.html\">http:\/\/nyhederne.tv2.dk\/article.php\/id-65593313:hadefuld-og-ubarmhjertig-debat-g%C3%B8r-ondt-p%C3%A5-arbejdsl%C3%B8se.html<\/a><\/p>\n<p>&nbsp;<\/p>\n<p>lol&#8230;<\/p>\n<p>&nbsp;<\/p>\n<p>&#8211;<\/p>\n<p>&nbsp;<\/p>\n<p>&nbsp;<\/p>\n","protected":false},"excerpt":{"rendered":"<p>http:\/\/www.180grader.dk\/Politik\/nu-skal-det-vaere-en-sygdom-at-vaere-for-vild-med-sex-danmark-www-bt-dk#c522396 &nbsp; &#8211; &nbsp; http:\/\/www.dr.dk\/Nyheder\/Indland\/2013\/03\/07\/103312.htm?rss=true &nbsp; engen overraskelse d\u00e6r &nbsp; &#8211; &nbsp; http:\/\/nyhederne.tv2.dk\/article.php\/id-65453913:kvinderne-haler-ind-p%C3%A5-m%C3%A6ndene.html?rss &nbsp; Lige l\u00f8n for lige arbejde. &nbsp; Det lyder som et rimeligt krav her dagen f\u00f8r Kvindernes Internationale Kampdag &#8211; men der er stadig et stykke vej, f\u00f8r kvinderne n\u00e5r m\u00e6ndenes l\u00f8nniveau. &nbsp; u\u00e6rlit at skrive de s\u00e5dan d\u00e6r. de f\u00e5r de [&hellip;]<\/p>\n","protected":false},"author":4,"featured_media":0,"comment_status":"open","ping_status":"open","sticky":false,"template":"","format":"standard","meta":{"footnotes":""},"categories":[1],"tags":[],"class_list":["post-2831","post","type-post","status-publish","format-standard","hentry","category-uncategorized"],"_links":{"self":[{"href":"https:\/\/emilkirkegaard.dk\/da\/index.php?rest_route=\/wp\/v2\/posts\/2831","targetHints":{"allow":["GET"]}}],"collection":[{"href":"https:\/\/emilkirkegaard.dk\/da\/index.php?rest_route=\/wp\/v2\/posts"}],"about":[{"href":"https:\/\/emilkirkegaard.dk\/da\/index.php?rest_route=\/wp\/v2\/types\/post"}],"author":[{"embeddable":true,"href":"https:\/\/emilkirkegaard.dk\/da\/index.php?rest_route=\/wp\/v2\/users\/4"}],"replies":[{"embeddable":true,"href":"https:\/\/emilkirkegaard.dk\/da\/index.php?rest_route=%2Fwp%2Fv2%2Fcomments&post=2831"}],"version-history":[{"count":1,"href":"https:\/\/emilkirkegaard.dk\/da\/index.php?rest_route=\/wp\/v2\/posts\/2831\/revisions"}],"predecessor-version":[{"id":2832,"href":"https:\/\/emilkirkegaard.dk\/da\/index.php?rest_route=\/wp\/v2\/posts\/2831\/revisions\/2832"}],"wp:attachment":[{"href":"https:\/\/emilkirkegaard.dk\/da\/index.php?rest_route=%2Fwp%2Fv2%2Fmedia&parent=2831"}],"wp:term":[{"taxonomy":"category","embeddable":true,"href":"https:\/\/emilkirkegaard.dk\/da\/index.php?rest_route=%2Fwp%2Fv2%2Fcategories&post=2831"},{"taxonomy":"post_tag","embeddable":true,"href":"https:\/\/emilkirkegaard.dk\/da\/index.php?rest_route=%2Fwp%2Fv2%2Ftags&post=2831"}],"curies":[{"name":"wp","href":"https:\/\/api.w.org\/{rel}","templated":true}]}}