{"id":296,"date":"2008-05-18T00:55:44","date_gmt":"2008-05-17T23:55:44","guid":{"rendered":"http:\/\/deleet.dk\/2008\/05\/18\/komplimenter-og-personligheden\/"},"modified":"2008-05-18T00:55:44","modified_gmt":"2008-05-17T23:55:44","slug":"komplimenter-og-personligheden","status":"publish","type":"post","link":"https:\/\/emilkirkegaard.dk\/da\/?p=296","title":{"rendered":"Komplimenter og personligheden"},"content":{"rendered":"<p>Hvis der er et visuelt positivt ansigt kaldes det smukt.<\/p>\n<p>Hvis der er en positiv visuel krop kaldes den l\u00e6kker.<\/p>\n<p>Man har aldrig et l\u00e6kkert ansigt. Piger foretr\u00e6kker smuk. Af uvisse \u00e5rsager bliver ansigtet sat mere forbindelse med personligheden end resten af kroppen&#8211;hvorfor? Hverken ansigtet eller &#8216;resten af kroppen&#8217; indeholder personligheden, som &#8216;er&#8217; i hjernen. Hvorfor t\u00e6ller det mere, at v\u00e6rds\u00e6tte nogens personlighed? Man h\u00f8rer &#8220;Man kan jo ikke g\u00f8re for hvilken &#8216;resten af kroppen&#8217; man f\u00e5r&#8221;, hvilket er delvist sandt. Man kan forbedre sin krop gennem tr\u00e6ning etc., men ligeledes er det sandt, at man heller ikke kan g\u00f8re for hvilket sind &#8216;man&#8217; f\u00e5r. Ens sind bestemmes <em>ogs\u00e5 <\/em>delvist af ikke-selviske faktorer som familien og gener. Hvorfor gives sindet speciel status n\u00e5r det ikke fortjener det?<\/p>\n","protected":false},"excerpt":{"rendered":"<p>Hvis der er et visuelt positivt ansigt kaldes det smukt. Hvis der er en positiv visuel krop kaldes den l\u00e6kker. Man har aldrig et l\u00e6kkert ansigt. Piger foretr\u00e6kker smuk. Af uvisse \u00e5rsager bliver ansigtet sat mere forbindelse med personligheden end resten af kroppen&#8211;hvorfor? Hverken ansigtet eller &#8216;resten af kroppen&#8217; indeholder personligheden, som &#8216;er&#8217; i hjernen. [&hellip;]<\/p>\n","protected":false},"author":4,"featured_media":0,"comment_status":"open","ping_status":"open","sticky":false,"template":"","format":"standard","meta":{"footnotes":""},"categories":[33],"tags":[97,651,724,20,1171],"class_list":["post-296","post","type-post","status-publish","format-standard","hentry","category-psykologi","tag-ansigt","tag-komplimenter","tag-lkker","tag-sind-filosofi","tag-smuk"],"_links":{"self":[{"href":"https:\/\/emilkirkegaard.dk\/da\/index.php?rest_route=\/wp\/v2\/posts\/296","targetHints":{"allow":["GET"]}}],"collection":[{"href":"https:\/\/emilkirkegaard.dk\/da\/index.php?rest_route=\/wp\/v2\/posts"}],"about":[{"href":"https:\/\/emilkirkegaard.dk\/da\/index.php?rest_route=\/wp\/v2\/types\/post"}],"author":[{"embeddable":true,"href":"https:\/\/emilkirkegaard.dk\/da\/index.php?rest_route=\/wp\/v2\/users\/4"}],"replies":[{"embeddable":true,"href":"https:\/\/emilkirkegaard.dk\/da\/index.php?rest_route=%2Fwp%2Fv2%2Fcomments&post=296"}],"version-history":[{"count":0,"href":"https:\/\/emilkirkegaard.dk\/da\/index.php?rest_route=\/wp\/v2\/posts\/296\/revisions"}],"wp:attachment":[{"href":"https:\/\/emilkirkegaard.dk\/da\/index.php?rest_route=%2Fwp%2Fv2%2Fmedia&parent=296"}],"wp:term":[{"taxonomy":"category","embeddable":true,"href":"https:\/\/emilkirkegaard.dk\/da\/index.php?rest_route=%2Fwp%2Fv2%2Fcategories&post=296"},{"taxonomy":"post_tag","embeddable":true,"href":"https:\/\/emilkirkegaard.dk\/da\/index.php?rest_route=%2Fwp%2Fv2%2Ftags&post=296"}],"curies":[{"name":"wp","href":"https:\/\/api.w.org\/{rel}","templated":true}]}}