{"id":3061,"date":"2014-08-10T02:25:27","date_gmt":"2014-08-10T01:25:27","guid":{"rendered":"http:\/\/emilkirkegaard.dk\/da\/?p=3061"},"modified":"2014-08-10T02:25:27","modified_gmt":"2014-08-10T01:25:27","slug":"sporgsmal-til-antorini-om-indvandrernes-kvikhed","status":"publish","type":"post","link":"https:\/\/emilkirkegaard.dk\/da\/?p=3061","title":{"rendered":"Sp\u00f8rgsm\u00e5l til Antorini om indvandrernes kvikhed"},"content":{"rendered":"<div>\n<div>Jeg har netop sendt denne email. Du kan ogs\u00e5 selv pr\u00f8ve. http:\/\/www.uvm.dk\/Om-os\/Ministeren<\/div>\n<div><\/div>\n<div>&#8212;<\/div>\n<div><\/div>\n<div>Det drejer sig om denne artikel: http:\/\/www.altinget.dk\/artikel\/antorini-socialt-taxameter-skal-tage-afsaet-i-eleverens-karakterer<\/p>\n<\/div>\n<p>Hvis du citeres for:<\/p>\n<p>\u201c<strong>Vi ved, at unge, som kommer fra uddannelsesfremmede hjem, eller som har for\u00e6ldre med anden etnisk baggrund end dansk, har sv\u00e6rere ved at klare sig igennem en ungdomsuddannelse, selv om de er lige s\u00e5 kvikke som deres kammerater.<\/strong> Derfor er der brug for et socialt taxameter, s\u00e5 vi kan hj\u00e6lpe dem, som har brug for en ekstra indsats,\u201d siger hun.<\/p>\n<\/div>\n<p>Det lyder jo mildest talt vildt hvis der findes danske data om det. Jeg forsker i omr\u00e5det og vil meget gerne se dine kilder. Det er velkendt at indvandrere som gruppe i Danmark IKKE er lige s\u00e5 kvikke som de indf\u00f8dte. M\u00e5linger fra Sessionspr\u00f8ven viser at ikke-vestlige indvandrere har en gennemsnits IQ p\u00e5 omkring 86 ifht. dansk+vestlige indvandreres IQ 100 (i 2003). Se bl.a.:<\/p>\n<ol>\n<li>Emil O. W. Kirkegaard. <a href=\"http:\/\/mankindquarterly.org\/winter2013_kirkegaard.html\">Predicting Immigrant IQ from their Countries of Origin, and Lynn&#8217;s National IQs: A Case Study from Denmark<\/a>. (<a href=\"http:\/\/emilkirkegaard.dk\/en\/wp-content\/uploads\/MQ-54-LIV-2-kirkegaard.pdf\">download<\/a>) <em>Mankind Quarterly<\/em> Vol. 54, No. 2 (Winter 2013).<\/li>\n<li>Emil O. W. Kirkegaard. John Fuerst. <a href=\"http:\/\/openpsych.net\/ODP\/2014\/05\/educational-attainment-income-use-of-social-benefits-crime-rate-and-the-general-socioeconomic-factor-among-71-immmigrant-groups-in-denmark\/\">Educational attainment, income, use of social benefits, crime rate and the general socioeconomic factor among 71 immmigrant groups in Denmark.<\/a> <em>Open Differential Psychology<\/em>. 2014.<\/li>\n<\/ol>\n<p>Mvh.<br \/>\nEmil<\/p>\n","protected":false},"excerpt":{"rendered":"<p>Jeg har netop sendt denne email. Du kan ogs\u00e5 selv pr\u00f8ve. http:\/\/www.uvm.dk\/Om-os\/Ministeren &#8212; Det drejer sig om denne artikel: http:\/\/www.altinget.dk\/artikel\/antorini-socialt-taxameter-skal-tage-afsaet-i-eleverens-karakterer Hvis du citeres for: \u201cVi ved, at unge, som kommer fra uddannelsesfremmede hjem, eller som har for\u00e6ldre med anden etnisk baggrund end dansk, har sv\u00e6rere ved at klare sig igennem en ungdomsuddannelse, selv om de [&hellip;]<\/p>\n","protected":false},"author":4,"featured_media":0,"comment_status":"closed","ping_status":"closed","sticky":false,"template":"","format":"standard","meta":{"footnotes":""},"categories":[1648,1707,1704],"tags":[],"class_list":["post-3061","post","type-post","status-publish","format-standard","hentry","category-demografi","category-psykometri","category-uddannelse-videnskab-og-lign"],"_links":{"self":[{"href":"https:\/\/emilkirkegaard.dk\/da\/index.php?rest_route=\/wp\/v2\/posts\/3061","targetHints":{"allow":["GET"]}}],"collection":[{"href":"https:\/\/emilkirkegaard.dk\/da\/index.php?rest_route=\/wp\/v2\/posts"}],"about":[{"href":"https:\/\/emilkirkegaard.dk\/da\/index.php?rest_route=\/wp\/v2\/types\/post"}],"author":[{"embeddable":true,"href":"https:\/\/emilkirkegaard.dk\/da\/index.php?rest_route=\/wp\/v2\/users\/4"}],"replies":[{"embeddable":true,"href":"https:\/\/emilkirkegaard.dk\/da\/index.php?rest_route=%2Fwp%2Fv2%2Fcomments&post=3061"}],"version-history":[{"count":1,"href":"https:\/\/emilkirkegaard.dk\/da\/index.php?rest_route=\/wp\/v2\/posts\/3061\/revisions"}],"predecessor-version":[{"id":3062,"href":"https:\/\/emilkirkegaard.dk\/da\/index.php?rest_route=\/wp\/v2\/posts\/3061\/revisions\/3062"}],"wp:attachment":[{"href":"https:\/\/emilkirkegaard.dk\/da\/index.php?rest_route=%2Fwp%2Fv2%2Fmedia&parent=3061"}],"wp:term":[{"taxonomy":"category","embeddable":true,"href":"https:\/\/emilkirkegaard.dk\/da\/index.php?rest_route=%2Fwp%2Fv2%2Fcategories&post=3061"},{"taxonomy":"post_tag","embeddable":true,"href":"https:\/\/emilkirkegaard.dk\/da\/index.php?rest_route=%2Fwp%2Fv2%2Ftags&post=3061"}],"curies":[{"name":"wp","href":"https:\/\/api.w.org\/{rel}","templated":true}]}}