{"id":3064,"date":"2014-08-21T01:58:41","date_gmt":"2014-08-21T00:58:41","guid":{"rendered":"http:\/\/emilkirkegaard.dk\/da\/?p=3064"},"modified":"2014-08-21T01:58:41","modified_gmt":"2014-08-21T00:58:41","slug":"indvandrere-er-ikke-bedre-til-at-gennemfore-gymnasieuddannelser","status":"publish","type":"post","link":"https:\/\/emilkirkegaard.dk\/da\/?p=3064","title":{"rendered":"Indvandrere er IKKE bedre til at gennemf\u00f8re gymnasieuddannelser"},"content":{"rendered":"<p><a href=\"http:\/\/www.180grader.dk\/Islam-og-indvandring\/indvandrere-er-bedre-til-at-gennemfre-gymnasie-uddannelser-nationalt-www-b-dk\">(Ogs\u00e5 postet p\u00e5 180grader)<\/a><\/p>\n<blockquote><p>Unge med ikke-vestlig baggrund fuldf\u00f8rer i h\u00f8jere grad end etniske danskere de gymnasiale uddannelser, de er begyndt p\u00e5, viser en ny unders\u00f8gelse fra Rockwool Fonden.<\/p><\/blockquote>\n<p>Bortset lige fra at unders\u00f8gelsen faltisk ikke viser det. <a href=\"http:\/\/rff.dk\/files\/RFF-site\/Publikations%20upload\/Books\/Styring%20ledelse%20og%20resultater%20p%E5%20ungdomsuddannelserne.pdf\" target=\"_blank\">L\u00e6ser man efter<\/a> (s. 166) s\u00e5 ser man resultatet kommer fra en meget stor multiple regressionsmodel, hvor man har justeret for 18 andre variabler (!). Det er velkendt at n\u00e5r man bruger s\u00e5 mange s\u00e5 bliver resultaterne sv\u00e6re at forklare og rimelig ustabile.<\/p>\n<p>&nbsp;<\/p>\n<p>Hvis man vil have de ikke-justerede tal, dem som alts\u00e5 viser hvordan virkeligheden ser ud, s\u00e5 kan man l\u00e6se kapitlet om uddannelser i <a href=\"http:\/\/www.dst.dk\/da\/Statistik\/Publikationer\/VisPub.aspx?cid=17961\" target=\"_blank\">Danmarks Statistiks rapport om indvandrere<\/a>.<\/p>\n<p><img decoding=\"async\" src=\"http:\/\/s30.postimg.org\/f09ryxy0x\/frafald_indv.png\" alt=\"\" \/><\/p>\n<p>Danskerne i bund mht. frafaldsprocent. Underligt nok er vestlige indvandrere mere tilb\u00f8jelige til at falde fra. M\u00e5ske det er fordi at tallene inkluderer personer p\u00e5 udveksling som jo rejser hjem efter 1 \u00e5rs studier? DST skriver:<\/p>\n<blockquote><p>Vestlige indvandrere har de klart h\u00f8jeste frafald blandt b\u00e5de m\u00e6nd og<br \/>\nkvinder\u00a0 med\u00a0 24\u00a0 og\u00a0 28\u00a0 pct.\u00a0 De\u00a0 meget\u00a0 h\u00f8je\u00a0 frafald\u00a0 p\u00e5\u00a0 stx\u00a0 for\u00a0 vestlige<br \/>\nindvandrere kan h\u00e6nge sammen med, at mange vestlige indvandrere i<br \/>\nden\u00a0 relevante\u00a0 aldersgruppe\u00a0 har\u00a0 en\u00a0 tilknytning\u00a0 til\u00a0 et\u00a0 andet\u00a0 vestligt<br \/>\nland, og deres frafald fra en dansk stx kan d\u00e6kke over en tilbagevandring til landet de indvandrede fra.<\/p><\/blockquote>\n<p>Men ikkevestlige er i hvert fald mere tilb\u00f8jelige end danskere.<\/p>\n<p>&nbsp;<\/p>\n<p>&#8212;<\/p>\n<p>&nbsp;<\/p>\n<p>Jeg skrev prim\u00e6rt det her indl\u00e6g for at undg\u00e5 en ny mytedannelse om indvandrere i uddannelsessystemet. Det er jo f\u00f8r set at politikerne har det med at gentage den slags igen og igen og igen og &#8230;<\/p>\n","protected":false},"excerpt":{"rendered":"<p>(Ogs\u00e5 postet p\u00e5 180grader) Unge med ikke-vestlig baggrund fuldf\u00f8rer i h\u00f8jere grad end etniske danskere de gymnasiale uddannelser, de er begyndt p\u00e5, viser en ny unders\u00f8gelse fra Rockwool Fonden. Bortset lige fra at unders\u00f8gelsen faltisk ikke viser det. L\u00e6ser man efter (s. 166) s\u00e5 ser man resultatet kommer fra en meget stor multiple regressionsmodel, hvor [&hellip;]<\/p>\n","protected":false},"author":4,"featured_media":0,"comment_status":"closed","ping_status":"closed","sticky":false,"template":"","format":"standard","meta":{"footnotes":""},"categories":[1695,1704],"tags":[],"class_list":["post-3064","post","type-post","status-publish","format-standard","hentry","category-indvandring","category-uddannelse-videnskab-og-lign"],"_links":{"self":[{"href":"https:\/\/emilkirkegaard.dk\/da\/index.php?rest_route=\/wp\/v2\/posts\/3064","targetHints":{"allow":["GET"]}}],"collection":[{"href":"https:\/\/emilkirkegaard.dk\/da\/index.php?rest_route=\/wp\/v2\/posts"}],"about":[{"href":"https:\/\/emilkirkegaard.dk\/da\/index.php?rest_route=\/wp\/v2\/types\/post"}],"author":[{"embeddable":true,"href":"https:\/\/emilkirkegaard.dk\/da\/index.php?rest_route=\/wp\/v2\/users\/4"}],"replies":[{"embeddable":true,"href":"https:\/\/emilkirkegaard.dk\/da\/index.php?rest_route=%2Fwp%2Fv2%2Fcomments&post=3064"}],"version-history":[{"count":2,"href":"https:\/\/emilkirkegaard.dk\/da\/index.php?rest_route=\/wp\/v2\/posts\/3064\/revisions"}],"predecessor-version":[{"id":3066,"href":"https:\/\/emilkirkegaard.dk\/da\/index.php?rest_route=\/wp\/v2\/posts\/3064\/revisions\/3066"}],"wp:attachment":[{"href":"https:\/\/emilkirkegaard.dk\/da\/index.php?rest_route=%2Fwp%2Fv2%2Fmedia&parent=3064"}],"wp:term":[{"taxonomy":"category","embeddable":true,"href":"https:\/\/emilkirkegaard.dk\/da\/index.php?rest_route=%2Fwp%2Fv2%2Fcategories&post=3064"},{"taxonomy":"post_tag","embeddable":true,"href":"https:\/\/emilkirkegaard.dk\/da\/index.php?rest_route=%2Fwp%2Fv2%2Ftags&post=3064"}],"curies":[{"name":"wp","href":"https:\/\/api.w.org\/{rel}","templated":true}]}}