{"id":3067,"date":"2014-08-21T10:23:43","date_gmt":"2014-08-21T09:23:43","guid":{"rendered":"http:\/\/emilkirkegaard.dk\/da\/?p=3067"},"modified":"2014-08-21T10:27:00","modified_gmt":"2014-08-21T09:27:00","slug":"min-artikel-i-danskeren","status":"publish","type":"post","link":"https:\/\/emilkirkegaard.dk\/da\/?p=3067","title":{"rendered":"Min artikel i Danskeren"},"content":{"rendered":"<p>Helmuth Nyborg gjorde mig opm\u00e6rksom p\u00e5 at <em>Den Danske Forening <\/em>(DDF) havde trykt min artikel i deres blad <a href=\"http:\/\/www.dendanskeforening.dk\/side24.html\"><em>Danskeren <\/em><\/a>(<a href=\"http:\/\/www.dendanskeforening.dk\/files\/files\/DANSKEREN%20nr%201%20-%202014.pdf\">Danskeren nr. 1 &#8211; 2014<\/a>). Historien er s\u00e5ledes. Af egen initiativ unders\u00f8gte jeg omtalen af ekstremisme i danske medier. Det var fordi jeg fandt ud af at man som universitetsstuderende havde fri adgang til artikeldatabasen <em><a href=\"http:\/\/www.infomedia.dk\/\">Infomedia<\/a><\/em>, og fordi at de ting som nogle p\u00e5stod i medierne om journalisternes bias havde en meget lav sandsynlighed for at v\u00e6re rigtigt n\u00e5r man nu ved at journalister er meget venstreorienterede. Derefter hyggede jeg mig egentlig bare med at lave unders\u00f8gelsen og s\u00e5 lagde jeg den ud p\u00e5 min side da jeg var f\u00e6rdig. Jeg sendte en email til <em>Den Korte Avis<\/em> og <a href=\"http:\/\/denkorteavis.dk\/2013\/ny-undersogelse-medierne-har-voldsom-politisk-slagside-i-daekning-af-ekstremisme\/\">de omtalte den s\u00e5<\/a>.<\/p>\n<p>Ca. 2 m\u00e5neder senere fik jeg s\u00e5 en email fra en af den fra DDF, som spurgte lidt mere ind til baggrunden for den. Derefter blev det foresl\u00e5et senere at jeg kunne udgive den i Trykkefrihedsselskabets blad (Sappho) eller DDF&#8217;s blad. Hertil svarede jeg at:<\/p>\n<blockquote><p>Hej [navn]<\/p>\n<p>Jeg er ikke selv nationalist eller konservativ og har ikke de store sympatier for de ideologier, og jeg har ingen interesse i at udgive tekster hos DDF eller TFS. Men min unders\u00f8gelse er lagt frit p\u00e5 nettet under en Creative Commons licens, s\u00e5 hvis andre har lyst til at bringe den eller bruge den, s\u00e5 st\u00e5r det dem helt frit. Jeg har jo ogs\u00e5 lagt data-s\u00e6ttet op, s\u00e5 man kan g\u00e5 lidt mere i dybden hvis man vil. \ud83d\ude42<\/p>\n<p>Jeg unders\u00f8gte, som n\u00e6vnt, blot situationen fordi at jeg ikke troede p\u00e5 de ting som nogle personer p\u00e5stod i medierne, nemlig at journalisters politiske tilh\u00f8rsfl\u00f8j\/egne politiske meninger, ikke har nogen n\u00e6vnev\u00e6rdig effekt p\u00e5 deres arbejde.<\/p>\n<p>Der har i \u00f8vrigt v\u00e6ret nogle kritikpunkter af den i kommentarsporet p\u00e5 Uriasposten (national-konservativ blog). Jeg har i sinde at f\u00f8lge op p\u00e5 nogle af dem, men har ikke haft tid lige nu, da mine universitetsstudier kr\u00e6ver noget tid og min k\u00e6reste fra USA har v\u00e6ret p\u00e5 bes\u00f8g siden d. 17 december.<\/p>\n<div>Mht. journalisterne p\u00e5 mainstream medier, s\u00e5 tror jeg ikke at du skal regne med at de omtaler den. Jeg har dog ikke fors\u00f8gt at f\u00e5 dem til at omtale den heller, da jeg kun sendte den til Den Korte Avis og vistnok TFS. For min skyld m\u00e5 du gerne sende den til mainstream medierne, jeg tror dog ikke at de vil tage emnet op. Men man kunne nok med fordel fors\u00f8ge at skrive et l\u00e6serbrev om den, eller en kronik. Hvis du h\u00f8rer om nogen som omtaler den, s\u00e5 sig gerne til. \ud83d\ude42<\/div>\n<div><\/div>\n<p>Mvh.<br \/>\nEmil<\/p><\/blockquote>\n<p>De har s\u00e5 valgt at bringe den, hvilket jeg ikke var klar over. Som s\u00e5dan er problemet kun at det ser ud som om at jeg selv har indsendt den, n\u00e5r det i virkeligheden er tilf\u00e6ldet at de har bragt en artikel som var lovlig at bringe for alle og enhver. Men det kan da v\u00e6re at ANTIFA holder mere \u00f8je med mig nu end f\u00f8r.<\/p>\n<p>I \u00f8vrigt s\u00e5 jeg, da jeg googlede artiklen i forbindelse med at skrive dette indl\u00e6g, at Nationaldemokraten som vistnok er Danskernes Parti&#8217;s avis <a href=\"https:\/\/nationaldemokraten.dk\/ekstremisme-som-politisk-propaganda\/\">ogs\u00e5 har omtalt den<\/a>. Det er der heller ikke noget underligt i. Som regel s\u00e5 omtaler st\u00e6rkt politiske medier jo historier som er positive overfor dem selv.<\/p>\n","protected":false},"excerpt":{"rendered":"<p>Helmuth Nyborg gjorde mig opm\u00e6rksom p\u00e5 at Den Danske Forening (DDF) havde trykt min artikel i deres blad Danskeren (Danskeren nr. 1 &#8211; 2014). Historien er s\u00e5ledes. Af egen initiativ unders\u00f8gte jeg omtalen af ekstremisme i danske medier. Det var fordi jeg fandt ud af at man som universitetsstuderende havde fri adgang til artikeldatabasen Infomedia, [&hellip;]<\/p>\n","protected":false},"author":4,"featured_media":0,"comment_status":"closed","ping_status":"closed","sticky":false,"template":"","format":"standard","meta":{"footnotes":""},"categories":[1594],"tags":[],"class_list":["post-3067","post","type-post","status-publish","format-standard","hentry","category-journalistik-2"],"_links":{"self":[{"href":"https:\/\/emilkirkegaard.dk\/da\/index.php?rest_route=\/wp\/v2\/posts\/3067","targetHints":{"allow":["GET"]}}],"collection":[{"href":"https:\/\/emilkirkegaard.dk\/da\/index.php?rest_route=\/wp\/v2\/posts"}],"about":[{"href":"https:\/\/emilkirkegaard.dk\/da\/index.php?rest_route=\/wp\/v2\/types\/post"}],"author":[{"embeddable":true,"href":"https:\/\/emilkirkegaard.dk\/da\/index.php?rest_route=\/wp\/v2\/users\/4"}],"replies":[{"embeddable":true,"href":"https:\/\/emilkirkegaard.dk\/da\/index.php?rest_route=%2Fwp%2Fv2%2Fcomments&post=3067"}],"version-history":[{"count":3,"href":"https:\/\/emilkirkegaard.dk\/da\/index.php?rest_route=\/wp\/v2\/posts\/3067\/revisions"}],"predecessor-version":[{"id":3070,"href":"https:\/\/emilkirkegaard.dk\/da\/index.php?rest_route=\/wp\/v2\/posts\/3067\/revisions\/3070"}],"wp:attachment":[{"href":"https:\/\/emilkirkegaard.dk\/da\/index.php?rest_route=%2Fwp%2Fv2%2Fmedia&parent=3067"}],"wp:term":[{"taxonomy":"category","embeddable":true,"href":"https:\/\/emilkirkegaard.dk\/da\/index.php?rest_route=%2Fwp%2Fv2%2Fcategories&post=3067"},{"taxonomy":"post_tag","embeddable":true,"href":"https:\/\/emilkirkegaard.dk\/da\/index.php?rest_route=%2Fwp%2Fv2%2Ftags&post=3067"}],"curies":[{"name":"wp","href":"https:\/\/api.w.org\/{rel}","templated":true}]}}