{"id":3137,"date":"2015-03-05T18:07:02","date_gmt":"2015-03-05T17:07:02","guid":{"rendered":"http:\/\/emilkirkegaard.dk\/da\/?p=3137"},"modified":"2015-03-05T18:07:02","modified_gmt":"2015-03-05T17:07:02","slug":"indvandrere-som-kom-til-sverige-i-2004-10-ar-senere","status":"publish","type":"post","link":"https:\/\/emilkirkegaard.dk\/da\/?p=3137","title":{"rendered":"Indvandrere som kom til Sverige i 2004: 10 \u00e5r senere"},"content":{"rendered":"<p>http:\/\/www.dn.se\/nyheter\/sverige\/tio-ar-senare-har-varannan-mindre-an-13-000-i-manaden-1\/<\/p>\n<p>En stor svensk avis har \u00e5benbart valgt at trodse selvcensuren og omtale problemer med indvandring. De har set p\u00e5 alle indvandrere som kom til Sverige i 2004, hvilket drejer sig om ca. 25k personer. Dem har de inddelt i 4 kategorier og beregnet deres medianindkomst. Det er lidt sv\u00e6rt at l\u00e6se svensk, men som jeg l\u00e6ser det er der 2 asylkategorier, 1 arbejdskategori og en restkategori. Indkomsterne i asylgrupperne er langt de laveste, under 50% af den svenske median p\u00e5 27.3k\/md. P\u00e5 den positive side, s\u00e5 kan ser man at de 153 ud af ca. 25k som kom dertil for at arbejde klarer sig rigtig godt. Deres indkomst er i retning af 80% st\u00f8rre end den gennemsnitlige svensker. Flere af dem, tak! \ud83d\ude42<\/p>\n<p>Man kan ogs\u00e5 se andel p\u00e5 overf\u00f8rselsindkomst (&#8220;\u00f8konomisk st\u00f8tte&#8221;): 31% og 20% for de 2 asylgrupper, 0% (!) for arbejdergruppen, og 9% for restgruppen.<\/p>\n<p>Der er ogs\u00e5 andre ting af interesse:<\/p>\n<blockquote><p>I december f\u00f6rra \u00e5ret publicerade Statistiska centralbyr\u00e5n en rapport om invandrares etablering p\u00e5 arbetsmarknaden. Studien fick stor uppm\u00e4rksamhet och fokuserade p\u00e5 personer som kom under \u00e5ren 1997 till 1999. Resultatet visade att tv\u00e5 av tre flyktingar var i arbete efter tio \u00e5r. DN:s genomg\u00e5ng visar dock att m\u00e5ttet som anv\u00e4nds, \u201dandel f\u00f6rv\u00e4rvsarbetande\u201d, \u00e4r gener\u00f6st. <strong>Metoden \u00e4r f\u00f6rvisso etablerad och anv\u00e4nds \u00e4ven internationellt, men f\u00f6r att r\u00e4knas som f\u00f6rv\u00e4rvsarbetande r\u00e4cker det med att personerna arbetar i genomsnitt en timme i veckan under november m\u00e5nad.<\/strong><\/p><\/blockquote>\n<p>De har alts\u00e5 talt personer som &#8220;i arbejde&#8221; hvis de har arbejdet i gennemsnit <span style=\"text-decoration: underline;\"><strong>1 time om ugen<\/strong><\/span> i november. Det kaldes vist at s\u00e6tte en lavt m\u00e5l.<\/p>\n<p>Med kriminalitet h\u00f8rer man den s\u00e6dvanlige forklaring om fattigdom:<\/p>\n<blockquote><p>Orsaken till att invandrare f\u00f6rekommer ofta i brottsstatistiken beror framf\u00f6r allt p\u00e5 att de \u00e4r fattigare och lever under s\u00e4mre socio- ekonomiska f\u00f6rh\u00e5llanden \u00e4n inf\u00f6dda svenskar, enligt forskning fr\u00e5n Stockholms universitet.<\/p><\/blockquote>\n<p>Men vi ved jo godt at det ikke kan v\u00e6re hele \u00e5rsagen. Danmarks Statistik offentligg\u00f8r hvert \u00e5r en rapport hvor de udregner kriminalitetsindeks korrigeret for alder <span style=\"text-decoration: underline;\">og socio\u00f8konomisk status (S\u00d8S)<\/span>. <a href=\"http:\/\/www.dst.dk\/da\/Statistik\/Publikationer\/VisPub.aspx?cid=19004\">Den seneste (2014) ser s\u00e5dan her ud<\/a>:<\/p>\n<p><a href=\"http:\/\/emilkirkegaard.dk\/da\/wp-content\/uploads\/krim-og-S\u00d8S.png\"><img loading=\"lazy\" decoding=\"async\" class=\"alignnone size-full wp-image-3139\" src=\"http:\/\/emilkirkegaard.dk\/da\/wp-content\/uploads\/krim-og-S\u00d8S.png\" alt=\"krim og S\u00d8S\" width=\"692\" height=\"626\" srcset=\"https:\/\/emilkirkegaard.dk\/da\/wp-content\/uploads\/krim-og-S\u00d8S.png 692w, https:\/\/emilkirkegaard.dk\/da\/wp-content\/uploads\/krim-og-S\u00d8S-300x271.png 300w\" sizes=\"auto, (max-width: 692px) 100vw, 692px\" \/><\/a><\/p>\n<p>Da m\u00e6nd laver 90% af kriminalitet, s\u00e5 er den tallene for kvinder ikke s\u00e5 vigtige. Hvis alder og S\u00d8S skulle v\u00e6re hele forklaringen, s\u00e5 skulle tallene for indvandrere og danskere v\u00e6re ens ved deres I alt1 linje, men det er de ikke. Efterkommere er noget i retning af +122%point mere kriminelle end dem i kategorien &#8216;etnisk danskere&#8217; (inkluderer en del udl\u00e6ndinge). Hvad v\u00e6rre er, tallene er v\u00e6rre for 2. generation end 1. generation. Problemerne med kriminalitet bliver ikke mindre, men st\u00f8rre i 2. generation. Det bliver sp\u00e6ndende at se med 3. generation. Det skal siges at 2. generation klarer sig bedre i uddannelsessystemet end 1. generation. L\u00e6s rapporten!<\/p>\n<p>I \u00f8vrigt, s\u00e5 inkluderer tallene ovenfor alle former for kriminalitet. Hvis man ser p\u00e5 h\u00e5rdere former for kriminalitet (vold, voldt\u00e6gt), s\u00e5 er nogle indvandrergrupper flere hundrede%point mere kriminelle end danskerne. Det kan v\u00e6re at jeg skal skrive en post som opsummerer det senere.<\/p>\n<p>Hele artiklen, i tilf\u00e6lde af at de sletter den:<\/p>\n<p><a href=\"http:\/\/emilkirkegaard.dk\/da\/wp-content\/uploads\/Tio-\u00e5r-senare-har-varannan-mindre-\u00e4n-13-000-i-m\u00e5naden-DN.SE-.png\"><img loading=\"lazy\" decoding=\"async\" class=\"alignnone size-large wp-image-3138\" src=\"http:\/\/emilkirkegaard.dk\/da\/wp-content\/uploads\/Tio-\u00e5r-senare-har-varannan-mindre-\u00e4n-13-000-i-m\u00e5naden-DN.SE--230x1024.png\" alt=\"Tio \u00e5r senare har varannan mindre \u00e4n 13 000 i m\u00e5naden - DN.SE-\" width=\"230\" height=\"1024\" srcset=\"https:\/\/emilkirkegaard.dk\/da\/wp-content\/uploads\/Tio-\u00e5r-senare-har-varannan-mindre-\u00e4n-13-000-i-m\u00e5naden-DN.SE--230x1024.png 230w, https:\/\/emilkirkegaard.dk\/da\/wp-content\/uploads\/Tio-\u00e5r-senare-har-varannan-mindre-\u00e4n-13-000-i-m\u00e5naden-DN.SE-.png 1019w\" sizes=\"auto, (max-width: 230px) 100vw, 230px\" \/><\/a><\/p>\n<p>&nbsp;<\/p>\n<p>&nbsp;<\/p>\n","protected":false},"excerpt":{"rendered":"<p>http:\/\/www.dn.se\/nyheter\/sverige\/tio-ar-senare-har-varannan-mindre-an-13-000-i-manaden-1\/ En stor svensk avis har \u00e5benbart valgt at trodse selvcensuren og omtale problemer med indvandring. De har set p\u00e5 alle indvandrere som kom til Sverige i 2004, hvilket drejer sig om ca. 25k personer. Dem har de inddelt i 4 kategorier og beregnet deres medianindkomst. Det er lidt sv\u00e6rt at l\u00e6se svensk, men som [&hellip;]<\/p>\n","protected":false},"author":4,"featured_media":0,"comment_status":"closed","ping_status":"closed","sticky":false,"template":"","format":"standard","meta":{"footnotes":""},"categories":[1695,1718],"tags":[1720,1719,1238],"class_list":["post-3137","post","type-post","status-publish","format-standard","hentry","category-indvandring","category-sociologi","tag-indkomst","tag-kriminalitet","tag-sverige"],"_links":{"self":[{"href":"https:\/\/emilkirkegaard.dk\/da\/index.php?rest_route=\/wp\/v2\/posts\/3137","targetHints":{"allow":["GET"]}}],"collection":[{"href":"https:\/\/emilkirkegaard.dk\/da\/index.php?rest_route=\/wp\/v2\/posts"}],"about":[{"href":"https:\/\/emilkirkegaard.dk\/da\/index.php?rest_route=\/wp\/v2\/types\/post"}],"author":[{"embeddable":true,"href":"https:\/\/emilkirkegaard.dk\/da\/index.php?rest_route=\/wp\/v2\/users\/4"}],"replies":[{"embeddable":true,"href":"https:\/\/emilkirkegaard.dk\/da\/index.php?rest_route=%2Fwp%2Fv2%2Fcomments&post=3137"}],"version-history":[{"count":1,"href":"https:\/\/emilkirkegaard.dk\/da\/index.php?rest_route=\/wp\/v2\/posts\/3137\/revisions"}],"predecessor-version":[{"id":3140,"href":"https:\/\/emilkirkegaard.dk\/da\/index.php?rest_route=\/wp\/v2\/posts\/3137\/revisions\/3140"}],"wp:attachment":[{"href":"https:\/\/emilkirkegaard.dk\/da\/index.php?rest_route=%2Fwp%2Fv2%2Fmedia&parent=3137"}],"wp:term":[{"taxonomy":"category","embeddable":true,"href":"https:\/\/emilkirkegaard.dk\/da\/index.php?rest_route=%2Fwp%2Fv2%2Fcategories&post=3137"},{"taxonomy":"post_tag","embeddable":true,"href":"https:\/\/emilkirkegaard.dk\/da\/index.php?rest_route=%2Fwp%2Fv2%2Ftags&post=3137"}],"curies":[{"name":"wp","href":"https:\/\/api.w.org\/{rel}","templated":true}]}}