{"id":3147,"date":"2015-03-12T08:56:31","date_gmt":"2015-03-12T07:56:31","guid":{"rendered":"http:\/\/emilkirkegaard.dk\/da\/?p=3147"},"modified":"2015-03-12T08:56:31","modified_gmt":"2015-03-12T07:56:31","slug":"fogh-og-gruppeeksamenerne","status":"publish","type":"post","link":"https:\/\/emilkirkegaard.dk\/da\/?p=3147","title":{"rendered":"Fogh og gruppeeksamenerne"},"content":{"rendered":"<p>I en time i noget humaniorapladder n\u00e6vnte l\u00e6reren noget interessant, nemlig at Fogh havde afskaffet gruppeeksamener af historiske personlige \u00e5rsager og ikke rigtig evidens. Det l\u00f8d jo lidt for vild en p\u00e5stand, s\u00e5 jeg googlede det. <a href=\"http:\/\/ing.dk\/blog\/gruppeeksamen-og-hvad-havde-fogh-i-munden-89065\">Men den er god nok!<\/a><\/p>\n<blockquote><p>Da Anders Fogh Rasmussens VK-regering gik til angreb p\u00e5 gruppeeksamen, skyldtes det statsministerens sociale komplekser mere end rationelle overvejelser. Det afsl\u00f8rer han i et interview med Berlingske Tidende. I interviewet bliver Fogh spurgt, om det er lykkedes hans regering at skabe holdnings\u00e6ndringer i v\u00e6rdikampen. Her svare statsministeren, afskaffelsen af gruppeeksamen. og han forts\u00e6tter: &#8230; &#8216;Sandheden er jo, at de, der er f\u00f8dt og opvokset med en guldske i munden eller m\u00e5ske en guldske i overf\u00f8rt betydning &#8230; (n\u00e5rh ja!)<\/p>\n<p>&#8230;<\/p>\n<div class=\"panel-panel panel-col-first container\">\n<div>\n<div class=\"body\">\n<p>Og han forts\u00e6tter: &#8230; fordi de er vokset op i et akademisk hjem med masser af b\u00f8ger p\u00e5 reolen, ja de kan normalt snakke fanden et \u00f8re af. De er velformulerede, kan alle de fine udtryk og kan snakke l\u00e6rer og censor ud af lokalet. Mens den, der kommer fra et hjem, hvor der er en mindre boglig tradition, slider sig til hver eneste ting og opn\u00e5r et rigtigt flot resultat, m\u00e5ske ikke ligefrem er den, der st\u00e5r f\u00f8rst, n\u00e5r man skal freml\u00e6gge til eksamen. Slideren skal have retten til at blive testet p\u00e5 det, vedkommende kan, i stedet for at blive tromlet ned af de der akademikereb\u00f8rn, der bare kan det hele &#8230;&#8217; Men hvad havde Fogh s\u00e5 i munden da han blev f\u00f8dt? En skubopper m\u00e5ske &#8211; overf\u00f8rt betydning gudskelov.<\/p>\n<\/div>\n<\/div>\n<\/div>\n<div class=\"panel-panel panel-col-last sidebar\"><\/div>\n<\/blockquote>\n","protected":false},"excerpt":{"rendered":"<p>I en time i noget humaniorapladder n\u00e6vnte l\u00e6reren noget interessant, nemlig at Fogh havde afskaffet gruppeeksamener af historiske personlige \u00e5rsager og ikke rigtig evidens. Det l\u00f8d jo lidt for vild en p\u00e5stand, s\u00e5 jeg googlede det. Men den er god nok! Da Anders Fogh Rasmussens VK-regering gik til angreb p\u00e5 gruppeeksamen, skyldtes det statsministerens sociale [&hellip;]<\/p>\n","protected":false},"author":4,"featured_media":0,"comment_status":"closed","ping_status":"closed","sticky":false,"template":"","format":"standard","meta":{"footnotes":""},"categories":[1681],"tags":[1723],"class_list":["post-3147","post","type-post","status-publish","format-standard","hentry","category-uddannelse-politik","tag-gruppeeksamen"],"_links":{"self":[{"href":"https:\/\/emilkirkegaard.dk\/da\/index.php?rest_route=\/wp\/v2\/posts\/3147","targetHints":{"allow":["GET"]}}],"collection":[{"href":"https:\/\/emilkirkegaard.dk\/da\/index.php?rest_route=\/wp\/v2\/posts"}],"about":[{"href":"https:\/\/emilkirkegaard.dk\/da\/index.php?rest_route=\/wp\/v2\/types\/post"}],"author":[{"embeddable":true,"href":"https:\/\/emilkirkegaard.dk\/da\/index.php?rest_route=\/wp\/v2\/users\/4"}],"replies":[{"embeddable":true,"href":"https:\/\/emilkirkegaard.dk\/da\/index.php?rest_route=%2Fwp%2Fv2%2Fcomments&post=3147"}],"version-history":[{"count":1,"href":"https:\/\/emilkirkegaard.dk\/da\/index.php?rest_route=\/wp\/v2\/posts\/3147\/revisions"}],"predecessor-version":[{"id":3148,"href":"https:\/\/emilkirkegaard.dk\/da\/index.php?rest_route=\/wp\/v2\/posts\/3147\/revisions\/3148"}],"wp:attachment":[{"href":"https:\/\/emilkirkegaard.dk\/da\/index.php?rest_route=%2Fwp%2Fv2%2Fmedia&parent=3147"}],"wp:term":[{"taxonomy":"category","embeddable":true,"href":"https:\/\/emilkirkegaard.dk\/da\/index.php?rest_route=%2Fwp%2Fv2%2Fcategories&post=3147"},{"taxonomy":"post_tag","embeddable":true,"href":"https:\/\/emilkirkegaard.dk\/da\/index.php?rest_route=%2Fwp%2Fv2%2Ftags&post=3147"}],"curies":[{"name":"wp","href":"https:\/\/api.w.org\/{rel}","templated":true}]}}