{"id":3165,"date":"2015-04-16T17:54:43","date_gmt":"2015-04-16T16:54:43","guid":{"rendered":"http:\/\/emilkirkegaard.dk\/da\/?p=3165"},"modified":"2015-04-16T17:54:43","modified_gmt":"2015-04-16T16:54:43","slug":"aktindsigt-for-cykler-og-ghettotal","status":"publish","type":"post","link":"https:\/\/emilkirkegaard.dk\/da\/?p=3165","title":{"rendered":"Aktindsigt for cykler og ghettotal"},"content":{"rendered":"<p>Man kan s\u00f8ge aktindsigt hos offentlige myndigheder om at f\u00e5 dem til at udlevere diverse tal de har. Dog tager det dem typisk en million \u00e5r at svare.<\/p>\n<blockquote>\n<table class=\"ajC\" cellpadding=\"0\">\n<tbody>\n<tr class=\"UszGxc ajv\">\n<td class=\"gG\" colspan=\"2\"><span class=\"gI\">fra:<\/span><\/td>\n<td class=\"gL\" colspan=\"2\"><span class=\"gI\"><span class=\"gD\">Emil Ole William Kirkegaard<\/span> <span class=\"go\">&lt;the.dfx@gmail.com&gt;<\/span> <\/span><\/td>\n<\/tr>\n<tr class=\"ajv\">\n<td class=\"gG\" colspan=\"2\"><span class=\"gI\">til:<\/span><\/td>\n<td class=\"gL\" colspan=\"2\"><span class=\"gI\">kbh@politi.dk<br \/>\n<\/span><\/td>\n<\/tr>\n<tr class=\"ajv\">\n<td class=\"gG\" colspan=\"2\"><span class=\"gI\">dato:<\/span><\/td>\n<td class=\"gL\" colspan=\"2\"><span class=\"gI\">10. februar 2015 kl. 19.10<\/span><\/td>\n<\/tr>\n<\/tbody>\n<\/table>\n<p>Hej Politi,<\/p>\n<p>Jeg s\u00f8ger hermed <span class=\"il\">aktindsigt<\/span> om at f\u00e5 samme information som I har udleveret til journalisten her:<\/p>\n<div>\n<a href=\"http:\/\/www.b.dk\/nationalt\/antallet-af-kriminelle-udlaendinge-stiger-i-koebenhavn\" target=\"_blank\">http:\/\/www.b.dk\/nationalt\/antallet-af-kriminelle-udlaendinge-stiger-i-koebenhavn<\/a><\/p>\n<\/div>\n<div>Det drejer sig oprindelsesland og statsborgerskab for personer som blev varet\u00e6gtsf\u00e6ngslet i K\u00f8benhavn. Journalisten omtaler tal fra 2013. Jeg s\u00f8ger dog <span class=\"il\">aktindsigt<\/span> i tal for alle \u00e5r I har.<\/p>\n<p>Jeg vil gerne have tallene i en regnearkfil (.xls eller .ods).<\/p>\n<\/div>\n<div>Form\u00e5let er forskning i indvandring i Danmark.<\/div>\n<div><\/div>\n<div>Mvh.<\/div>\n<\/blockquote>\n<div>Svar:<\/div>\n<blockquote>\n<div>\n<table class=\"ajC\" cellpadding=\"0\">\n<tbody>\n<tr class=\"UszGxc ajv\">\n<td class=\"gG\" colspan=\"2\"><span class=\"gI\">fra:<\/span><\/td>\n<td class=\"gL\" colspan=\"2\"><span class=\"gI\"><span class=\"gD\">kbh-ledelsessekretar@politi.dk<\/span> <\/span><\/td>\n<\/tr>\n<tr class=\"ajv\">\n<td class=\"gG\" colspan=\"2\"><span class=\"gI\">til:<\/span><\/td>\n<td class=\"gL\" colspan=\"2\"><span class=\"gI\">the.dfx@gmail.com<br \/>\n<\/span><\/td>\n<\/tr>\n<tr class=\"ajv\">\n<td class=\"gG\" colspan=\"2\"><span class=\"gI\">dato:<\/span><\/td>\n<td class=\"gL\" colspan=\"2\"><span class=\"gI\">11. februar 2015 kl. 09.08<\/span><\/td>\n<\/tr>\n<\/tbody>\n<\/table>\n<p>Jeg skal hermed forel\u00f8big bekr\u00e6fte modtagelsen af Deres henvendelse.<\/p>\n<p>&nbsp;<\/p>\n<p>Med venlig hilsen<\/p>\n<p>&nbsp;<\/p>\n<p><strong>Anette Klausen<\/strong><\/p>\n<p>kontorfuldm\u00e6gtig<\/p>\n<p>&nbsp;<\/p>\n<p>&nbsp;<\/p>\n<p><strong>Juridisk Sektion<\/strong><\/p>\n<p>Politig\u00e5rden, opgang F, 1. sal, fag 20<\/p>\n<p>1567 K\u00f8benhavn V<\/p>\n<p>Tlf.\u00a0\u00a0\u00a0\u00a0\u00a0\u00a0\u00a0\u00a0 <a href=\"tel:%2B45%203314%201448\">+45 3314 1448<\/a><\/p>\n<p>Direkte: <a href=\"tel:%2B45%203521%202517\">+45 3521 2517<\/a><\/p>\n<p>E-mail:\u00a0\u00a0 <a href=\"mailto:rsh002@politi.dk\">adk002@politi.dk<\/a><\/p>\n<p>Web:\u00a0\u00a0\u00a0\u00a0\u00a0 <a href=\"http:\/\/www.politi.dk\/koebenhavn\">www.politi.dk\/koebenhavn<\/a><\/p>\n<\/div>\n<\/blockquote>\n<div>\n<p>Og:<\/p>\n<blockquote>\n<table class=\"ajC\" cellpadding=\"0\">\n<tbody>\n<tr class=\"UszGxc ajv\">\n<td class=\"gG\" colspan=\"2\"><span class=\"gI\">fra:<\/span><\/td>\n<td class=\"gL\" colspan=\"2\"><span class=\"gI\"><span class=\"gD\">kbh-ledelsessekretar@politi.dk<\/span> <\/span><\/td>\n<\/tr>\n<tr class=\"ajv\">\n<td class=\"gG\" colspan=\"2\"><span class=\"gI\">til:<\/span><\/td>\n<td class=\"gL\" colspan=\"2\"><span class=\"gI\">the.dfx@gmail.com<br \/>\n<\/span><\/td>\n<\/tr>\n<tr class=\"ajv\">\n<td class=\"gG\" colspan=\"2\"><span class=\"gI\">dato:<\/span><\/td>\n<td class=\"gL\" colspan=\"2\"><span class=\"gI\">13. februar 2015 kl. 12.40<\/span><\/td>\n<\/tr>\n<\/tbody>\n<\/table>\n<p>K\u00f8benhavns Politi, Juridisk Sektion, bekr\u00e6fter hermed modtagelsen af Deres mail af 10. februar 2015 hvori De har beg\u00e6ret aktindsigt.<\/p>\n<p>Jeg kan oplyse, at De som udgangspunkt kan forvente, at modtage et svar p\u00e5 henvendelsen indenfor 7 dage fra modtagelsen. S\u00e5fremt besvarelsen n\u00f8dvendigg\u00f8r indhentelse af arkiverede sager, m\u00e5 sagsbehandlingstiden dog forventes at v\u00e6re op til 4 uger.<\/p>\n<p>Sagen behandles under journalnummer 0100-10170-00271-15<\/p>\n<p>Med venlig hilsen<\/p>\n<p>Lise Nielsen<\/p>\n<p>kontorfuldm\u00e6gtig<\/p>\n<p>Politig\u00e5rden, opg. F, 1.sal, fag 20<\/p>\n<p>Ledelsessekretariatet<\/p>\n<p>1567 K\u00f8benhavn V<\/p>\n<p>Tlf:\u00a0\u00a0\u00a0\u00a0\u00a0\u00a0\u00a0\u00a0\u00a0 <a href=\"tel:%2B45%2033141448\">+45 33141448<\/a><\/p>\n<p>Direkte <a href=\"tel:%2B45%2035212008\">+45 35212008<\/a><\/p>\n<p>Lokal\u00a0\u00a0\u00a0\u00a0\u00a0 (11) 2008<\/p>\n<p>E-mail\u00a0\u00a0\u00a0 <a href=\"mailto:lni011@politi.dk\">lni011@politi.dk<\/a><\/p><\/blockquote>\n<p>Og endelig 6. marts 2015 kl. 12.20 kom der et svar. Det bestod i en PDF med tallene. Det tog alts\u00e5 i alt ca. 26 dage.<\/p>\n<p>Jeg venter stadig p\u00e5 svar for:<\/p>\n<blockquote>\n<div>\n<table class=\"ajC\" cellpadding=\"0\">\n<tbody>\n<tr class=\"UszGxc ajv\">\n<td class=\"gG\" colspan=\"2\"><span class=\"gI\">fra:<\/span><\/td>\n<td class=\"gL\" colspan=\"2\"><span class=\"gI\"><span class=\"gD\">Emil Ole William Kirkegaard<\/span> <span class=\"go\">&lt;the.dfx@gmail.com&gt;<\/span> <\/span><\/td>\n<\/tr>\n<tr class=\"ajv\">\n<td class=\"gG\" colspan=\"2\"><span class=\"gI\">til:<\/span><\/td>\n<td class=\"gL\" colspan=\"2\"><span class=\"gI\">mbbl@mbbl.dk<br \/>\n<\/span><\/td>\n<\/tr>\n<tr class=\"ajv\">\n<td class=\"gG\" colspan=\"2\"><span class=\"gI\">dato:<\/span><\/td>\n<td class=\"gL\" colspan=\"2\"><span class=\"gI\">2. januar 2015 kl. 22.07<\/span><\/td>\n<\/tr>\n<\/tbody>\n<\/table>\n<\/div>\n<div>K\u00e6re Ministeriet for By, Bolig og Landdistrikter,<\/p>\n<\/div>\n<p>Jeg kunne godt t\u00e6nke mig al den data som ligger bag jeres udgivelse &#8220;<a href=\"http:\/\/www.mbbl.dk\/publikationer\/liste-over-saerligt-udsatte-boligomraader#\" target=\"_blank\">Liste over s\u00e6rligt udsatte boligomr\u00e5der pr. 1. december 2014<\/a>&#8220;.<\/p>\n<div><\/div>\n<div>Alts\u00e5, jeg kunne godt t\u00e6nke mig data for de fem kriterier* efter alle boligomr\u00e5der i Danmark, ikke bare dem som I viser i jeres faktaark. Jeg kunne godt t\u00e6nke mig dem for alle de \u00e5r I har data fra. I har jo publiceret &#8216;ghettolisten&#8217; i flere \u00e5r, s\u00e5 det ville v\u00e6re sp\u00e6ndende at have data for alle \u00e5r at sammenligne med.<\/p>\n<p>Form\u00e5let er forskning og formidling.<\/p>\n<p>Mvh.<br \/>\nEmil<\/p>\n<p>* De fem kriterier er:<br \/>\n1. Andelen af 18-64 \u00e5rige uden tilknytning til arbejdsmarkedet eller uddannelse overstiger 40 pct. (gennemsnit for de seneste 2 \u00e5r).<\/p>\n<p>2. Andelen af indvandrere og efterkommere fra ikke-vestlige lande overstiger 50 pct.<\/p>\n<p>3. Antal d\u00f8mte for overtr\u00e6delse af straffeloven, v\u00e5benloven eller lov om euforiserende stoffer overstiger 2,70 pct. af beboere p\u00e5 18 \u00e5r ogderover (gennemsnit for de seneste 2 \u00e5r).<\/p>\n<p>4. Andelen af beboere i alderen 30-59 \u00e5r, der alenehar en grunduddannelse (inkl. uoplyst uddannelse), overstiger 50 pct. af samtlige beboerei samme aldersgruppe.<\/p>\n<p>5. Den gennemsnitlige bruttoindkomst for skattepligtige i alderen 15-64 \u00e5r i omr\u00e5det eksklusive uddannelsess\u00f8gende er mindre end 55 <a href=\"http:\/\/pct.af\" target=\"_blank\">pct.af<\/a> den gennemsnitlige bruttoindkomst for samme gruppe i regionen.<\/div>\n<\/blockquote>\n<div>Jeg har i dag sendt f\u00f8lgende:<\/div>\n<blockquote>\n<div>\n<div>\n<div>\n<div>\n<div>\n<table class=\"ajC\" cellpadding=\"0\">\n<tbody>\n<tr class=\"UszGxc ajv\">\n<td class=\"gG\" colspan=\"2\"><span class=\"gI\">fra:<\/span><\/td>\n<td class=\"gL\" colspan=\"2\"><span class=\"gI\"><span class=\"gD\">Emil Ole William Kirkegaard<\/span> <span class=\"go\">&lt;the.dfx@gmail.com&gt;<\/span> <\/span><\/td>\n<\/tr>\n<tr class=\"ajv\">\n<td class=\"gG\" colspan=\"2\"><span class=\"gI\">til:<\/span><\/td>\n<td class=\"gL\" colspan=\"2\"><span class=\"gI\">mbbl@mbbl.dk<br \/>\n<\/span><\/td>\n<\/tr>\n<tr class=\"ajv\">\n<td class=\"gG\" colspan=\"2\"><span class=\"gI\">dato:<\/span><\/td>\n<td class=\"gL\" colspan=\"2\"><span class=\"gI\">16. april 2015 kl. 18.44<\/span><\/td>\n<\/tr>\n<\/tbody>\n<\/table>\n<\/div>\n<div>K\u00e6re Ministeriet for By, Bolig og Landdistrikter,<\/p>\n<\/div>\n<p>Jeg vil minde jer om at jeg stadig ikke har f\u00e5et et svar. Jeg vil derfor g\u00f8re opm\u00e6rksom p\u00e5 at aktindsigt som udgangspunkt har en frist p\u00e5 7 arbejdsdage. Min foresp\u00f8rgsel blev indsendt 2. Januar. Det er mere end 3 m\u00e5neder siden. <a href=\"http:\/\/aktindsigtshaandbogen.dk\/aktindsigtssagen\/quick-guide-med-kommentarer\/sagens-afgoerelse\/rettidig-behandling-af-aktindsigtsanmodningen-36-stk-2-og-3.html\" target=\"_blank\">http:\/\/aktindsigtshaandbogen.dk\/aktindsigtssagen\/quick-guide-med-kommentarer\/sagens-afgoerelse\/rettidig-behandling-af-aktindsigtsanmodningen-36-stk-2-og-3.html<\/a><\/p>\n<\/div>\n<p>Hvorn\u00e5r kan jeg forvente at f\u00e5 dataene?<\/p>\n<\/div>\n<p>Mvh.<\/p><\/div>\n<p>Emil<\/p><\/div>\n<\/blockquote>\n<div>Og nu jeg var i gang:<\/div>\n<blockquote>\n<div>\n<div>\n<div>\n<div>\n<table class=\"ajC\" cellpadding=\"0\">\n<tbody>\n<tr class=\"UszGxc ajv\">\n<td class=\"gG\" colspan=\"2\"><span class=\"gI\">fra:<\/span><\/td>\n<td class=\"gL\" colspan=\"2\"><span class=\"gI\"><span class=\"gD\">Emil Ole William Kirkegaard<\/span> <span class=\"go\">&lt;the.dfx@gmail.com&gt;<\/span> <\/span><\/td>\n<\/tr>\n<tr class=\"ajv\">\n<td class=\"gG\" colspan=\"2\"><span class=\"gI\">til:<\/span><\/td>\n<td class=\"gL\" colspan=\"2\"><span class=\"gI\">tmf@tmf.kk.dk<br \/>\n<\/span><\/td>\n<\/tr>\n<tr class=\"ajv\">\n<td class=\"gG\" colspan=\"2\"><span class=\"gI\">dato:<\/span><\/td>\n<td class=\"gL\" colspan=\"2\"><span class=\"gI\">16. april 2015 kl. 18.41<\/span><\/td>\n<\/tr>\n<\/tbody>\n<\/table>\n<\/div>\n<div>Hej KK,<\/p>\n<\/div>\n<p>Jeg vil gerne have aktindsigt i brugen af de omtalte cykler. <a href=\"http:\/\/politiken.dk\/indland\/ECE2629473\/koebenhavn-dropper-prestigeprojekt-bycyklerne-laegges-i-graven\/\" target=\"_blank\">http:\/\/politiken.dk\/indland\/ECE2629473\/koebenhavn-dropper-prestigeprojekt-bycyklerne-laegges-i-graven\/<\/a><\/p>\n<\/div>\n<p>Siden at cyklerne har GPS m.v., s\u00e5 m\u00e5 I have data for hvor meget de bliver brugt.<\/p>\n<\/div>\n<div>Jeg minder jer om at en aktindsigt skal indfries indenfor 7 arbejdsdage. <a href=\"http:\/\/aktindsigtshaandbogen.dk\/aktindsigtssagen\/quick-guide-med-kommentarer\/sagens-afgoerelse\/rettidig-behandling-af-aktindsigtsanmodningen-36-stk-2-og-3.html\" target=\"_blank\">http:\/\/aktindsigtshaandbogen.dk\/aktindsigtssagen\/quick-guide-med-kommentarer\/sagens-afgoerelse\/rettidig-behandling-af-aktindsigtsanmodningen-36-stk-2-og-3.html<\/a><\/div>\n<div><\/div>\n<p>Mvh.<\/p><\/div>\n<\/blockquote>\n<div>Se her for mere: http:\/\/www.voxliberalis.dk\/hvad-med-undskyld\/<\/div>\n<\/div>\n","protected":false},"excerpt":{"rendered":"<p>Man kan s\u00f8ge aktindsigt hos offentlige myndigheder om at f\u00e5 dem til at udlevere diverse tal de har. Dog tager det dem typisk en million \u00e5r at svare. fra: Emil Ole William Kirkegaard &lt;the.dfx@gmail.com&gt; til: kbh@politi.dk dato: 10. februar 2015 kl. 19.10 Hej Politi, Jeg s\u00f8ger hermed aktindsigt om at f\u00e5 samme information som I [&hellip;]<\/p>\n","protected":false},"author":4,"featured_media":0,"comment_status":"closed","ping_status":"closed","sticky":false,"template":"","format":"standard","meta":{"footnotes":""},"categories":[1],"tags":[1730],"class_list":["post-3165","post","type-post","status-publish","format-standard","hentry","category-uncategorized","tag-aktindsigt"],"_links":{"self":[{"href":"https:\/\/emilkirkegaard.dk\/da\/index.php?rest_route=\/wp\/v2\/posts\/3165","targetHints":{"allow":["GET"]}}],"collection":[{"href":"https:\/\/emilkirkegaard.dk\/da\/index.php?rest_route=\/wp\/v2\/posts"}],"about":[{"href":"https:\/\/emilkirkegaard.dk\/da\/index.php?rest_route=\/wp\/v2\/types\/post"}],"author":[{"embeddable":true,"href":"https:\/\/emilkirkegaard.dk\/da\/index.php?rest_route=\/wp\/v2\/users\/4"}],"replies":[{"embeddable":true,"href":"https:\/\/emilkirkegaard.dk\/da\/index.php?rest_route=%2Fwp%2Fv2%2Fcomments&post=3165"}],"version-history":[{"count":1,"href":"https:\/\/emilkirkegaard.dk\/da\/index.php?rest_route=\/wp\/v2\/posts\/3165\/revisions"}],"predecessor-version":[{"id":3166,"href":"https:\/\/emilkirkegaard.dk\/da\/index.php?rest_route=\/wp\/v2\/posts\/3165\/revisions\/3166"}],"wp:attachment":[{"href":"https:\/\/emilkirkegaard.dk\/da\/index.php?rest_route=%2Fwp%2Fv2%2Fmedia&parent=3165"}],"wp:term":[{"taxonomy":"category","embeddable":true,"href":"https:\/\/emilkirkegaard.dk\/da\/index.php?rest_route=%2Fwp%2Fv2%2Fcategories&post=3165"},{"taxonomy":"post_tag","embeddable":true,"href":"https:\/\/emilkirkegaard.dk\/da\/index.php?rest_route=%2Fwp%2Fv2%2Ftags&post=3165"}],"curies":[{"name":"wp","href":"https:\/\/api.w.org\/{rel}","templated":true}]}}