{"id":3181,"date":"2015-08-30T10:19:45","date_gmt":"2015-08-30T09:19:45","guid":{"rendered":"http:\/\/emilkirkegaard.dk\/da\/?p=3181"},"modified":"2015-08-30T10:27:52","modified_gmt":"2015-08-30T09:27:52","slug":"peter-gotzsche-vs-david-nutt","status":"publish","type":"post","link":"https:\/\/emilkirkegaard.dk\/da\/?p=3181","title":{"rendered":"Peter G\u00f8tzsche vs. David Nutt"},"content":{"rendered":"<p>Siden at deres debat f\u00e5r en masse omtale i <a href=\"http:\/\/politiken.dk\/forbrugogliv\/sundhedogmotion\/sygdom\/ECE2814922\/uddrag-af-doedelig-psykiatri-og-organiseret-benaegtelse\/\">Politiken<\/a>, s\u00e5 virker det p\u00e5 sin plads at ogs\u00e5 l\u00e6se de ting de egentlig skrev. Det er faktisk ca. 1 \u00e5r siden den omtalte episode skete.<\/p>\n<ol>\n<li><a href=\"http:\/\/emilkirkegaard.dk\/da\/wp-content\/uploads\/Attacks-on-antidepressants-signs-of-deep-seated-stigma.pdf\">Attacks on antidepressants signs of deep-seated stigma<\/a><\/li>\n<li><a href=\"http:\/\/emilkirkegaard.dk\/da\/wp-content\/uploads\/Why-I-think-antidepressants-cause-more-harm-than-good.pdf\">Why I think antidepressants cause more harm than good<\/a><\/li>\n<\/ol>\n<p>Der er ogs\u00e5 en senere artikel:<\/p>\n<ul>\n<li><a href=\"http:\/\/emilkirkegaard.dk\/da\/wp-content\/uploads\/Does-long-term-use-of-psychiatric-drugs-cause-more-harm-than-good.pdf\">Does long term use of psychiatric drugs cause more harm than good<\/a>?<\/li>\n<\/ul>\n<p>&nbsp;<\/p>\n","protected":false},"excerpt":{"rendered":"<p>Siden at deres debat f\u00e5r en masse omtale i Politiken, s\u00e5 virker det p\u00e5 sin plads at ogs\u00e5 l\u00e6se de ting de egentlig skrev. Det er faktisk ca. 1 \u00e5r siden den omtalte episode skete. Attacks on antidepressants signs of deep-seated stigma Why I think antidepressants cause more harm than good Der er ogs\u00e5 en [&hellip;]<\/p>\n","protected":false},"author":4,"featured_media":0,"comment_status":"closed","ping_status":"closed","sticky":false,"template":"","format":"standard","meta":{"footnotes":""},"categories":[1541],"tags":[1737],"class_list":["post-3181","post","type-post","status-publish","format-standard","hentry","category-videnskab-og-lign","tag-psykiatri"],"_links":{"self":[{"href":"https:\/\/emilkirkegaard.dk\/da\/index.php?rest_route=\/wp\/v2\/posts\/3181","targetHints":{"allow":["GET"]}}],"collection":[{"href":"https:\/\/emilkirkegaard.dk\/da\/index.php?rest_route=\/wp\/v2\/posts"}],"about":[{"href":"https:\/\/emilkirkegaard.dk\/da\/index.php?rest_route=\/wp\/v2\/types\/post"}],"author":[{"embeddable":true,"href":"https:\/\/emilkirkegaard.dk\/da\/index.php?rest_route=\/wp\/v2\/users\/4"}],"replies":[{"embeddable":true,"href":"https:\/\/emilkirkegaard.dk\/da\/index.php?rest_route=%2Fwp%2Fv2%2Fcomments&post=3181"}],"version-history":[{"count":3,"href":"https:\/\/emilkirkegaard.dk\/da\/index.php?rest_route=\/wp\/v2\/posts\/3181\/revisions"}],"predecessor-version":[{"id":3187,"href":"https:\/\/emilkirkegaard.dk\/da\/index.php?rest_route=\/wp\/v2\/posts\/3181\/revisions\/3187"}],"wp:attachment":[{"href":"https:\/\/emilkirkegaard.dk\/da\/index.php?rest_route=%2Fwp%2Fv2%2Fmedia&parent=3181"}],"wp:term":[{"taxonomy":"category","embeddable":true,"href":"https:\/\/emilkirkegaard.dk\/da\/index.php?rest_route=%2Fwp%2Fv2%2Fcategories&post=3181"},{"taxonomy":"post_tag","embeddable":true,"href":"https:\/\/emilkirkegaard.dk\/da\/index.php?rest_route=%2Fwp%2Fv2%2Ftags&post=3181"}],"curies":[{"name":"wp","href":"https:\/\/api.w.org\/{rel}","templated":true}]}}