{"id":3233,"date":"2016-04-28T01:54:11","date_gmt":"2016-04-28T00:54:11","guid":{"rendered":"http:\/\/emilkirkegaard.dk\/da\/?p=3233"},"modified":"2016-04-28T01:54:41","modified_gmt":"2016-04-28T00:54:41","slug":"aktindsigt","status":"publish","type":"post","link":"https:\/\/emilkirkegaard.dk\/da\/?p=3233","title":{"rendered":"Aktindsigt: anholdte til indvandringsdemonstrationer (K\u00f8benhavns Politi)"},"content":{"rendered":"<p>Jeg har dags dato, 28. april 2016, sendt en aktindsigt til K\u00f8benhavns Politi:<\/p>\n<div>\n<blockquote><p>K\u00e6re K\u00f8benhavns Politi,<br \/>\nJeg ved at I bruger meget tid p\u00e5 at holde vagt ved politiske demonstrationer. S\u00e6rligt her p\u00e5 det sidste omkring Pegida\/For Frihed og andre lign. anti-indvandring demonstrationer. Ofte h\u00f8rer man senere i medierne at nogen blev anholdt. Her er et eksempel:<br \/>\nhttp:\/\/www.dr.dk\/nyheder\/indland\/fem-anholdt-ved-islamkritisk-demo<br \/>\nI denne artikel skriver journalisten hvem der blev anholdt: 5 pro-indvandring folk. Men I mange andre artikler fremg\u00e5r det ikke. Fx:<br \/>\nhttps:\/\/www.dr.dk\/nyheder\/indland\/islamkritisk-demonstration-moedt-af-vrede-antifascister-en-anholdt<br \/>\nDet fremg\u00e5r kun at 1 person blev anholdt.<br \/>\nJeg vil gerne have en oversigt over de sidste 10 \u00e5rs anti-indvandring og pro-indvandrings demonstrationer. P\u00e5 den liste skal det fremg\u00e5:<br \/>\n1. Hvor mange deltagere der var (politiets eget estimat). Ogs\u00e5 deltagere til samtidige moddemonstrationer hvis disse forefindes.<br \/>\n2. Hvor mange anholdte der var.<br \/>\n3. Blandt de anholdte, hvilken side konflikten de var p\u00e5.<br \/>\nJeg vil gerne have dataene i en excel-fil.<br \/>\nJeg har vedh\u00e6ftet en fil som viser eksempel data fra den f\u00f8rste artikel ovenfor.<br \/>\nForm\u00e5let er forskning i politisk ekstremisme i Danmark.<br \/>\nHvis I har nogen sp\u00f8rgsm\u00e5l, s\u00e5 kontakt mig gerne p\u00e5 denne email.<\/p><\/blockquote>\n<p>Jeg poster den her s\u00e5 jeg kan referere til hvorn\u00e5r den blev afsendt.<\/p>\n<\/div>\n","protected":false},"excerpt":{"rendered":"<p>Jeg har dags dato, 28. april 2016, sendt en aktindsigt til K\u00f8benhavns Politi: K\u00e6re K\u00f8benhavns Politi, Jeg ved at I bruger meget tid p\u00e5 at holde vagt ved politiske demonstrationer. S\u00e6rligt her p\u00e5 det sidste omkring Pegida\/For Frihed og andre lign. anti-indvandring demonstrationer. Ofte h\u00f8rer man senere i medierne at nogen blev anholdt. Her er [&hellip;]<\/p>\n","protected":false},"author":4,"featured_media":0,"comment_status":"closed","ping_status":"closed","sticky":false,"template":"","format":"standard","meta":{"footnotes":""},"categories":[1],"tags":[1730,1539],"class_list":["post-3233","post","type-post","status-publish","format-standard","hentry","category-uncategorized","tag-aktindsigt","tag-politi"],"_links":{"self":[{"href":"https:\/\/emilkirkegaard.dk\/da\/index.php?rest_route=\/wp\/v2\/posts\/3233","targetHints":{"allow":["GET"]}}],"collection":[{"href":"https:\/\/emilkirkegaard.dk\/da\/index.php?rest_route=\/wp\/v2\/posts"}],"about":[{"href":"https:\/\/emilkirkegaard.dk\/da\/index.php?rest_route=\/wp\/v2\/types\/post"}],"author":[{"embeddable":true,"href":"https:\/\/emilkirkegaard.dk\/da\/index.php?rest_route=\/wp\/v2\/users\/4"}],"replies":[{"embeddable":true,"href":"https:\/\/emilkirkegaard.dk\/da\/index.php?rest_route=%2Fwp%2Fv2%2Fcomments&post=3233"}],"version-history":[{"count":3,"href":"https:\/\/emilkirkegaard.dk\/da\/index.php?rest_route=\/wp\/v2\/posts\/3233\/revisions"}],"predecessor-version":[{"id":3236,"href":"https:\/\/emilkirkegaard.dk\/da\/index.php?rest_route=\/wp\/v2\/posts\/3233\/revisions\/3236"}],"wp:attachment":[{"href":"https:\/\/emilkirkegaard.dk\/da\/index.php?rest_route=%2Fwp%2Fv2%2Fmedia&parent=3233"}],"wp:term":[{"taxonomy":"category","embeddable":true,"href":"https:\/\/emilkirkegaard.dk\/da\/index.php?rest_route=%2Fwp%2Fv2%2Fcategories&post=3233"},{"taxonomy":"post_tag","embeddable":true,"href":"https:\/\/emilkirkegaard.dk\/da\/index.php?rest_route=%2Fwp%2Fv2%2Ftags&post=3233"}],"curies":[{"name":"wp","href":"https:\/\/api.w.org\/{rel}","templated":true}]}}