{"id":3262,"date":"2016-09-08T11:12:44","date_gmt":"2016-09-08T10:12:44","guid":{"rendered":"http:\/\/emilkirkegaard.dk\/da\/?p=3262"},"modified":"2016-09-08T11:12:44","modified_gmt":"2016-09-08T10:12:44","slug":"forskelle-pa-vestlige-og-ikke-vestlige-born","status":"publish","type":"post","link":"https:\/\/emilkirkegaard.dk\/da\/?p=3262","title":{"rendered":"Forskelle p\u00e5 vestlige og ikke-vestlige b\u00f8rn"},"content":{"rendered":"<p>Information omtaler,\u00a0<a href=\"https:\/\/www.information.dk\/indland\/2016\/08\/rapport-ikkevestlige-boern-mindre-empatiske-danske\"><em>Rapport: Ikkevestlige b\u00f8rn er mindre empatiske end danske<\/em><\/a> , en ny rapport som har set p\u00e5 forskelle p\u00e5 b\u00f8rn fordelt p\u00e5 forskellige kategorier som alder, moderens uddannelse, om for\u00e6ldrene er sammenlevende og oprindelsesland. Rapporten hedder\u00a0<em><a href=\"http:\/\/emilkirkegaard.dk\/da\/?attachment_id=3263\">B\u00f8rns tidlige udvikling og l\u00e6ring<\/a><\/em> og er nem at finde p\u00e5 Google.<\/p>\n<p>Rapporten er skrevet i typisk blank slate man\u00e9r. Der er ingen omtale af gener eller arvelighed, sk\u00f8nt det er velkendt at disse tr\u00e6k er meget arvelige og at arveligheden g\u00f8r observerede korrelationer mellem fx moderens uddannelsesbaggrund og b\u00f8rnenes tr\u00e6k umulige at fortolke. Rapporten n\u00e6vner selv problemet, kind of:<\/p>\n<blockquote><p>Derudover belyser unders\u00f8gelsen ogs\u00e5 betydningen af familiebaggrund (moderens uddannelse, familiestatus og etnisk oprindelse) for udviklingen p\u00e5 forskellige alderstrin. <strong>Det er vigtigt at huske, at vi alene ser p\u00e5 sammenh\u00e6nge (korrelationer), ikke \u00e5rsagssammenh\u00e6nge<\/strong>, og at de enkelte baggrundsfaktorer ikke er uafh\u00e6ngige af hinanden.<\/p><\/blockquote>\n<p>Trods det er rapporten som regel skrevet p\u00e5 en m\u00e5de som inviterer kausale fortolkninger og de anvendte analyser antager implicit blank slate modeller (beg\u00e5r dermed det som kaldes <em>den sociologiske fejlslutning<\/em>).<\/p>\n<p>Det empiriske udgangspunkt for rapporten er st\u00e6rkt:<\/p>\n<blockquote><p><b>Hvilke data bygger rapportens analyser p\u00e5?<\/b><br \/>\nDe data, som forskningsrapporten bygger p\u00e5, er indsamlet som led i f\u00f8lgeforskningen til udviklingsprogrammet Fremtidens Dagtilbud. I alt 14 kommuner deltager i programmet med tilsammen ca. 13.000 b\u00f8rn fordelt p\u00e5 400 dagplejere i 65 legestuegrupper samt 140 institutioner, herunder vuggestuer, b\u00f8rnehaver og integrerede institutioner. Programmet er igangsat af Ministeriet for B\u00f8rn, Undervisning og Ligestilling (MBUL) i perioden 2014 &#8211; 2017 med det form\u00e5l at udvikle og afpr\u00f8ve indsatser og p\u00e6dagogiske redskaber til at st\u00f8tte det p\u00e6dagogiske personale i en tilrettelagt og reflekteret praksis, som bidrager til at styrke b\u00f8rns trivsel, udvikling og l\u00e6ring i dagtilbuddene.<\/p><\/blockquote>\n<h2>g-faktoren som ikke bliver n\u00e6vnt<\/h2>\n<p>Rapporten omtaler mange gange at der er positive sammenh\u00e6nge mellem de forskellige kompetencer de m\u00e5ler. Det er p\u00e5 trods af at de har brugt metoder som fjerner disse forskelle (partielle korrelationer hvor man har fjernet sammenh\u00e6ngen med kontrolvariabler). Andre ting bliver n\u00e6vnt som er utroligt \u00e5benlyse for nogen som har l\u00e6st differentialpsykologi:<\/p>\n<blockquote><p>Ovenst\u00e5ende betyder noget for b\u00f8rnenes skolegang og livsmuligheder p\u00e5 sigt. S\u00e5vel dansk som international forskning viser, at socioemotionelle, sproglige og tidlige matematiske kompetencer tidligt i livet p\u00e5virker senere l\u00e6ring i skolen. En sammenfatning af sammenh\u00e6nge mellem tidlige kompetencer i b\u00f8rnehaven til 2. klasse, baseret p\u00e5 en s\u00e5kaldt metaanalyse af 70 unders\u00f8gelser (dvs. en sammenfattende analyse af tidligere unders\u00f8gelser med samme fokus), viser fx en moderat sammenh\u00e6ng mellem tidlige sproglige og tidlige matematiske kompetencer og senere tilsvarende faglige kompetencer i skolen, mens der er en svag sammenh\u00e6ng mellem socioemotionelle kompetencer i dagtilbuddet og tilsvarende m\u00e5l i skolen (La Paro &amp; Pianta, 2000). En anden metaanalyse baseret p\u00e5 299 unders\u00f8gelser, der alene fokuserer p\u00e5 sproglige kompetencer viser, at b\u00f8rns sproglige kompetencer inden skolestart er en st\u00e6rk indikator for, hvordan b\u00f8rn l\u00e6rer at l\u00e6se og stave, n\u00e5r de kommer i skole (National Early Literacy Panel, 2008).<br \/>\nEt nyt dansk studie, der har unders\u00f8gt sammenh\u00e6ngen mellem ordforr\u00e5dsudviklingen hos 2.120 b\u00f8rn mellem 16 og 30 m\u00e5neder og deres senere l\u00e6se- og matematikkompetencer m\u00e5lt i nationale l\u00e6setest i 6. klasse, viser, at st\u00f8rstedelen af de b\u00f8rn, der havde et lille ordforr\u00e5d i de tidlige \u00e5r, ligger under middel i l\u00e6sning i 6. klasse (Bleses, Makransky, Dale, H\u00f8jen, Akt\u00fcrk Ari &amp; Vach, 2016). Der er ogs\u00e5 en sammenh\u00e6ng mellem ordforr\u00e5d og nationale test i matematik, om end den er svagere. Og tilsvarende viser amerikanske studier, at b\u00f8rnenes tidlige matematiske kompetencer har betydning for tilegnelsen af tidlige matematiske kompetencer i grundskolen (Clements &amp; Sarama, 2008).<\/p><\/blockquote>\n<p>Med andre ord: generel intelligens forudsiger fremtiden og der er diverse sammenh\u00e6nge af evner (&#8220;kompetencer&#8221;) p\u00e5 tv\u00e6rs af type af tests.<\/p>\n<h2>Forskellene<\/h2>\n<p>Rapporten omhandler forskelle p\u00e5 tre omr\u00e5der: 1) socioemotionelle, 2) sproglige, 3) matematiske. De m\u00e5les p\u00e5 forskellige m\u00e5de og har forskellige subdimensioner<\/p>\n<p>Figurerne skriver &#8220;dansk&#8221; vs. &#8220;ikke-vestlig&#8221;, hvilket kan synes at v\u00e6re en underlig skelnen da data for vestlige s\u00e5ledes m\u00e5 formodes at blive ignoreret. Det er ikke tilf\u00e6ldet. Figurerne er forkerte da &#8220;dansk&#8221; faktisk betyder &#8220;vestlige&#8221;. De skriver ikke hvordan personerne pr\u00e6cist er kategoriseret, s\u00e5 det er nok noget i retning af vestlig = Europa + omr\u00e5der engelsktalende personer har besat dvs. USA, Canada, Australien, New Zealand). Det er vigtigt fordi en meget inklusiv gruppe af vestlige betyder at forskellene minimeres. Vestlig inkluderer fx Bulgarien. Omvendt set inkluderer ikke-vestlig velfungerende asiatiske lande som Japan.<\/p>\n<h3>Socioemotionelle<\/h3>\n<p>Det socioemotionelle omhandler prim\u00e6rt to ting:<\/p>\n<blockquote><p><b><i>Empati <\/i><\/b>beskriver udvikling af evnen til at skelne mellem sig selv og andre personer, og dermed evnen til at kommunikere egne f\u00f8lelser, afkode andres f\u00f8lelser og s\u00e6tte sig ind i andre personers f\u00f8lelser.<br \/>\n<b><i>Selvregulering &amp; Samarbejde <\/i><\/b>beskriver barnets interesse for at udforske sin omverden samt beskriver barnets evne til at regulere og tilpasse sin adf\u00e6rd til omgivelserne. Derigennem bliver barnets interaktion med omverden stimuleret og raffineret. Dette medf\u00f8rer udviklingen af adaptive f\u00e6rdigheder og samarbejdsevne, der fremmer samspillet mellem barn og omverden i dagligdagen.<\/p><\/blockquote>\n<p>Vi springer prim\u00e6rt over de forskelle som har med alder og for\u00e6ldrekarakteristika at g\u00f8re da disse er relativt uinteressante. Eksempel:<\/p>\n<p><a href=\"http:\/\/emilkirkegaard.dk\/da\/?attachment_id=3264\" rel=\"attachment wp-att-3264\"><img loading=\"lazy\" decoding=\"async\" class=\"alignnone size-full wp-image-3264\" src=\"http:\/\/emilkirkegaard.dk\/da\/wp-content\/uploads\/figur3.png\" alt=\"figur3\" width=\"773\" height=\"455\" srcset=\"https:\/\/emilkirkegaard.dk\/da\/wp-content\/uploads\/figur3.png 773w, https:\/\/emilkirkegaard.dk\/da\/wp-content\/uploads\/figur3-300x177.png 300w, https:\/\/emilkirkegaard.dk\/da\/wp-content\/uploads\/figur3-768x452.png 768w\" sizes=\"auto, (max-width: 773px) 100vw, 773px\" \/><\/a><\/p>\n<p>Forskellene p\u00e5 oprindelse ser s\u00e5ledes ud:<\/p>\n<p><a href=\"http:\/\/emilkirkegaard.dk\/da\/?attachment_id=3265\" rel=\"attachment wp-att-3265\"><img loading=\"lazy\" decoding=\"async\" class=\"alignnone size-full wp-image-3265\" src=\"http:\/\/emilkirkegaard.dk\/da\/wp-content\/uploads\/figur7.png\" alt=\"figur7\" width=\"753\" height=\"406\" srcset=\"https:\/\/emilkirkegaard.dk\/da\/wp-content\/uploads\/figur7.png 753w, https:\/\/emilkirkegaard.dk\/da\/wp-content\/uploads\/figur7-300x162.png 300w\" sizes=\"auto, (max-width: 753px) 100vw, 753px\" \/><\/a> <a href=\"http:\/\/emilkirkegaard.dk\/da\/?attachment_id=3266\" rel=\"attachment wp-att-3266\"><img loading=\"lazy\" decoding=\"async\" class=\"alignnone size-large wp-image-3266\" src=\"http:\/\/emilkirkegaard.dk\/da\/wp-content\/uploads\/figur8.png\" alt=\"figur8\" width=\"720\" height=\"397\" srcset=\"https:\/\/emilkirkegaard.dk\/da\/wp-content\/uploads\/figur8.png 744w, https:\/\/emilkirkegaard.dk\/da\/wp-content\/uploads\/figur8-300x165.png 300w\" sizes=\"auto, (max-width: 720px) 100vw, 720px\" \/><\/a><\/p>\n<p>De er ret store. Over 2.5 \u00e5rs forskel. Det kan man se ved at sammenligne scoren for de ikke-vestlige p\u00e5 5.5 \u00e5r vs. de vestlige p\u00e5 3 \u00e5r. Der er ikke paritet, s\u00e5 forskelle i udviklingen er over 2 \u00e5r.<\/p>\n<p>Ikke inkluderet i br\u00f8dteksten, men som kan findes i bilaget er forskellene p\u00e5 de tidligere aldre:<\/p>\n<p><a href=\"http:\/\/emilkirkegaard.dk\/da\/?attachment_id=3267\" rel=\"attachment wp-att-3267\"><img loading=\"lazy\" decoding=\"async\" class=\"alignnone size-full wp-image-3267\" src=\"http:\/\/emilkirkegaard.dk\/da\/wp-content\/uploads\/figur56.png\" alt=\"figur56\" width=\"755\" height=\"445\" srcset=\"https:\/\/emilkirkegaard.dk\/da\/wp-content\/uploads\/figur56.png 755w, https:\/\/emilkirkegaard.dk\/da\/wp-content\/uploads\/figur56-300x177.png 300w\" sizes=\"auto, (max-width: 755px) 100vw, 755px\" \/><\/a> <a href=\"http:\/\/emilkirkegaard.dk\/da\/?attachment_id=3268\" rel=\"attachment wp-att-3268\"><img loading=\"lazy\" decoding=\"async\" class=\"alignnone size-large wp-image-3268\" src=\"http:\/\/emilkirkegaard.dk\/da\/wp-content\/uploads\/figur57.png\" alt=\"figur57\" width=\"720\" height=\"432\" srcset=\"https:\/\/emilkirkegaard.dk\/da\/wp-content\/uploads\/figur57.png 754w, https:\/\/emilkirkegaard.dk\/da\/wp-content\/uploads\/figur57-300x180.png 300w\" sizes=\"auto, (max-width: 720px) 100vw, 720px\" \/><\/a> <a href=\"http:\/\/emilkirkegaard.dk\/da\/?attachment_id=3269\" rel=\"attachment wp-att-3269\"><img loading=\"lazy\" decoding=\"async\" class=\"alignnone size-large wp-image-3269\" src=\"http:\/\/emilkirkegaard.dk\/da\/wp-content\/uploads\/figur58.png\" alt=\"figur58\" width=\"720\" height=\"419\" srcset=\"https:\/\/emilkirkegaard.dk\/da\/wp-content\/uploads\/figur58.png 756w, https:\/\/emilkirkegaard.dk\/da\/wp-content\/uploads\/figur58-300x175.png 300w\" sizes=\"auto, (max-width: 720px) 100vw, 720px\" \/><\/a> <a href=\"http:\/\/emilkirkegaard.dk\/da\/?attachment_id=3270\" rel=\"attachment wp-att-3270\"><img loading=\"lazy\" decoding=\"async\" class=\"alignnone size-large wp-image-3270\" src=\"http:\/\/emilkirkegaard.dk\/da\/wp-content\/uploads\/figur59.png\" alt=\"figur59\" width=\"720\" height=\"420\" srcset=\"https:\/\/emilkirkegaard.dk\/da\/wp-content\/uploads\/figur59.png 747w, https:\/\/emilkirkegaard.dk\/da\/wp-content\/uploads\/figur59-300x175.png 300w\" sizes=\"auto, (max-width: 720px) 100vw, 720px\" \/><\/a><\/p>\n<p>Alts\u00e5, forskellene kan ses mere eller mindre fra f\u00f8dsel (fra 0.5 \u00e5r og opefter).<\/p>\n<p>Jeg ved ikke hvorfor de har brugt 3 forskellige figurer p\u00e5 noget der burde v\u00e6re 1 figur: forskellene fra 0.5 til 5.5 \u00e5r.<\/p>\n<h3>Sproglige<\/h3>\n<p>De sproglige evner m\u00e5les forskelligt for forskellige aldersgrupper, men inkluderer velkendte tests som ordforr\u00e5d. Det betyder nok ikke s\u00e5 meget pr\u00e6cis hvilken test man bruger, sk\u00f8nt ordforr\u00e5d plejer at have en meget h\u00f8j g-loading, s\u00e5 den er generelt at foretr\u00e6kke.<\/p>\n<p>Resultater for de 3-5.5-\u00e5rige:<\/p>\n<p><a href=\"http:\/\/emilkirkegaard.dk\/da\/?attachment_id=3271\" rel=\"attachment wp-att-3271\"><img loading=\"lazy\" decoding=\"async\" class=\"alignnone size-full wp-image-3271\" src=\"http:\/\/emilkirkegaard.dk\/da\/wp-content\/uploads\/figur16.png\" alt=\"figur16\" width=\"914\" height=\"464\" srcset=\"https:\/\/emilkirkegaard.dk\/da\/wp-content\/uploads\/figur16.png 914w, https:\/\/emilkirkegaard.dk\/da\/wp-content\/uploads\/figur16-300x152.png 300w, https:\/\/emilkirkegaard.dk\/da\/wp-content\/uploads\/figur16-768x390.png 768w\" sizes=\"auto, (max-width: 914px) 100vw, 914px\" \/><\/a> <a href=\"http:\/\/emilkirkegaard.dk\/da\/?attachment_id=3272\" rel=\"attachment wp-att-3272\"><img loading=\"lazy\" decoding=\"async\" class=\"alignnone size-large wp-image-3272\" src=\"http:\/\/emilkirkegaard.dk\/da\/wp-content\/uploads\/figur15.png\" alt=\"figur15\" width=\"720\" height=\"365\" srcset=\"https:\/\/emilkirkegaard.dk\/da\/wp-content\/uploads\/figur15.png 870w, https:\/\/emilkirkegaard.dk\/da\/wp-content\/uploads\/figur15-300x152.png 300w, https:\/\/emilkirkegaard.dk\/da\/wp-content\/uploads\/figur15-768x389.png 768w\" sizes=\"auto, (max-width: 720px) 100vw, 720px\" \/><\/a><\/p>\n<p><a href=\"http:\/\/emilkirkegaard.dk\/da\/?attachment_id=3276\" rel=\"attachment wp-att-3276\"><img loading=\"lazy\" decoding=\"async\" class=\"alignnone size-large wp-image-3276\" src=\"http:\/\/emilkirkegaard.dk\/da\/wp-content\/uploads\/figur71.png\" alt=\"figur71\" width=\"720\" height=\"447\" srcset=\"https:\/\/emilkirkegaard.dk\/da\/wp-content\/uploads\/figur71.png 871w, https:\/\/emilkirkegaard.dk\/da\/wp-content\/uploads\/figur71-300x186.png 300w, https:\/\/emilkirkegaard.dk\/da\/wp-content\/uploads\/figur71-768x477.png 768w\" sizes=\"auto, (max-width: 720px) 100vw, 720px\" \/><\/a><a href=\"http:\/\/emilkirkegaard.dk\/da\/?attachment_id=3273\" rel=\"attachment wp-att-3273\"><img loading=\"lazy\" decoding=\"async\" class=\"alignnone size-full wp-image-3273\" src=\"http:\/\/emilkirkegaard.dk\/da\/wp-content\/uploads\/figur72.png\" alt=\"figur72\" width=\"861\" height=\"593\" srcset=\"https:\/\/emilkirkegaard.dk\/da\/wp-content\/uploads\/figur72.png 861w, https:\/\/emilkirkegaard.dk\/da\/wp-content\/uploads\/figur72-300x207.png 300w, https:\/\/emilkirkegaard.dk\/da\/wp-content\/uploads\/figur72-768x529.png 768w\" sizes=\"auto, (max-width: 861px) 100vw, 861px\" \/><\/a><\/p>\n<p>For de 0.5-2.5-\u00e5rige:<\/p>\n<p><a href=\"http:\/\/emilkirkegaard.dk\/da\/?attachment_id=3274\" rel=\"attachment wp-att-3274\"><img loading=\"lazy\" decoding=\"async\" class=\"alignnone size-full wp-image-3274\" src=\"http:\/\/emilkirkegaard.dk\/da\/wp-content\/uploads\/figur69.png\" alt=\"figur69\" width=\"865\" height=\"521\" srcset=\"https:\/\/emilkirkegaard.dk\/da\/wp-content\/uploads\/figur69.png 865w, https:\/\/emilkirkegaard.dk\/da\/wp-content\/uploads\/figur69-300x181.png 300w, https:\/\/emilkirkegaard.dk\/da\/wp-content\/uploads\/figur69-768x463.png 768w\" sizes=\"auto, (max-width: 865px) 100vw, 865px\" \/><\/a> <a href=\"http:\/\/emilkirkegaard.dk\/da\/?attachment_id=3275\" rel=\"attachment wp-att-3275\"><img loading=\"lazy\" decoding=\"async\" class=\"alignnone size-large wp-image-3275\" src=\"http:\/\/emilkirkegaard.dk\/da\/wp-content\/uploads\/figur70.png\" alt=\"figur70\" width=\"720\" height=\"439\" srcset=\"https:\/\/emilkirkegaard.dk\/da\/wp-content\/uploads\/figur70.png 885w, https:\/\/emilkirkegaard.dk\/da\/wp-content\/uploads\/figur70-300x183.png 300w, https:\/\/emilkirkegaard.dk\/da\/wp-content\/uploads\/figur70-768x469.png 768w\" sizes=\"auto, (max-width: 720px) 100vw, 720px\" \/><\/a><\/p>\n<p>Tilf\u00e6ldige udsving taget i betragtning, s\u00e5 er forskellene meget konsistente over tid. Forskellene i ordforr\u00e5d er temmelig store. De vestlige er over 2 \u00e5r foran i aldersgruppen 3-5 \u00e5r. De kan ses allerede fra ca. 1 \u00e5rs-alderen. Forskellene for rim er lidt mindre end 2 \u00e5r, men skyldes nok at det er en nemmere (mindre g-loadet) test. Per Spearmans hypotese vil vi forvente de st\u00f8rste forskelle p\u00e5 de bedste tests.<\/p>\n<h3>Matematiske<\/h3>\n<p>Den matematiske test har to dimensioner: geometri og talforst\u00e5else, og de m\u00e5les via 8 forskellige subtests.<\/p>\n<p>Der er tilsyneladende kun resultater for de 3-5.5-\u00e5rige:<\/p>\n<p><a href=\"http:\/\/emilkirkegaard.dk\/da\/?attachment_id=3278\" rel=\"attachment wp-att-3278\"><img loading=\"lazy\" decoding=\"async\" class=\"alignnone size-large wp-image-3278\" src=\"http:\/\/emilkirkegaard.dk\/da\/wp-content\/uploads\/figur20.png\" alt=\"figur20\" width=\"695\" height=\"493\" srcset=\"https:\/\/emilkirkegaard.dk\/da\/wp-content\/uploads\/figur20.png 695w, https:\/\/emilkirkegaard.dk\/da\/wp-content\/uploads\/figur20-300x213.png 300w\" sizes=\"auto, (max-width: 695px) 100vw, 695px\" \/><\/a><a href=\"http:\/\/emilkirkegaard.dk\/da\/?attachment_id=3277\" rel=\"attachment wp-att-3277\"><img loading=\"lazy\" decoding=\"async\" class=\"alignnone size-full wp-image-3277\" src=\"http:\/\/emilkirkegaard.dk\/da\/wp-content\/uploads\/figur76.png\" alt=\"figur76\" width=\"727\" height=\"492\" srcset=\"https:\/\/emilkirkegaard.dk\/da\/wp-content\/uploads\/figur76.png 727w, https:\/\/emilkirkegaard.dk\/da\/wp-content\/uploads\/figur76-300x203.png 300w\" sizes=\"auto, (max-width: 727px) 100vw, 727px\" \/><\/a><\/p>\n<p>Forskellene i matematiske evner er ret sm\u00e5, lidt over et halvt \u00e5r. Et fund som er konsistent med sproglige bias i m\u00e5lingerne. Hvis for\u00e6ldrene ikke taler dansk, s\u00e5 giver det jo fin mening at b\u00f8rnene er bagud i dansk ogs\u00e5 selvom de er lige s\u00e5 smarte som de danske. Det kr\u00e6ver en n\u00f8jere unders\u00f8gelse at finde ud af.<\/p>\n<h2>Sammenlagt<\/h2>\n<ul>\n<li>Man kan se tydelige forskelle p\u00e5 vestlige vs. ikke vestlige i alle n\u00e6sten aldersgrupper og p\u00e5 alle tests.<\/li>\n<li>Forskellene kan ses fra de tidligste aldre, fx 1 \u00e5r. De kan dermed ikke forklares med skoler, p\u00e6dagoger, skolel\u00e6rere osv.<\/li>\n<li>Forskellene er st\u00f8rst p\u00e5 de vigtigste tests. Fx er forskellen p\u00e5 ordforr\u00e5d over 2 \u00e5r i aldersgruppen 3-5. Vestlige b\u00f8rn p\u00e5 3 \u00e5r har st\u00f8rre ordforr\u00e5d end ikke-vestlige p\u00e5 5 \u00e5r.<\/li>\n<li>De n\u00e6vner ikke \u00e9t ord om arvelighed.<\/li>\n<li>De giver ingen d-scorer, s\u00e5 det er lidt sv\u00e6rt at vurdere forskellene. Heller ingen standardafvigelser, s\u00e5 man kan ikke udregne d-scorerne. Jeg har lavet g\u00e6t baseret p\u00e5 forskellen i udviklings\u00e5r, jf. <a href=\"https:\/\/en.wikipedia.org\/wiki\/Mental_age\">mental alder<\/a>.<\/li>\n<li>Der er ingen faktoranalyse som finder g-faktoren, men den bliver dog n\u00e6vnt indirekte i et af deres afsnit fordi de bliver ved med at finde positive korrelationer mellem deres tests. Ogs\u00e5 selvom de har brugt partielle korrelationer.<\/li>\n<li>Tallene kan bruges til at studere Spearmans hypotese, men det kr\u00e6ver at de giver adgang til dem.<\/li>\n<li>Tallene kr\u00e6ver i alt fald en genanalyse for at udregne forskellene i d-v\u00e6rdier og p\u00e5 g-faktoren.<\/li>\n<\/ul>\n","protected":false},"excerpt":{"rendered":"<p>Information omtaler,\u00a0Rapport: Ikkevestlige b\u00f8rn er mindre empatiske end danske , en ny rapport som har set p\u00e5 forskelle p\u00e5 b\u00f8rn fordelt p\u00e5 forskellige kategorier som alder, moderens uddannelse, om for\u00e6ldrene er sammenlevende og oprindelsesland. Rapporten hedder\u00a0B\u00f8rns tidlige udvikling og l\u00e6ring og er nem at finde p\u00e5 Google. Rapporten er skrevet i typisk blank slate man\u00e9r. [&hellip;]<\/p>\n","protected":false},"author":4,"featured_media":3274,"comment_status":"closed","ping_status":"closed","sticky":false,"template":"","format":"standard","meta":{"footnotes":""},"categories":[1751,33,1704],"tags":[1783,1785,1786,1784,595],"class_list":["post-3262","post","type-post","status-publish","format-standard","has-post-thumbnail","hentry","category-indvandring-sociologi","category-psykologi","category-uddannelse-videnskab-og-lign","tag-empati","tag-g-faktor","tag-indvandre","tag-intellligens","tag-iq"],"_links":{"self":[{"href":"https:\/\/emilkirkegaard.dk\/da\/index.php?rest_route=\/wp\/v2\/posts\/3262","targetHints":{"allow":["GET"]}}],"collection":[{"href":"https:\/\/emilkirkegaard.dk\/da\/index.php?rest_route=\/wp\/v2\/posts"}],"about":[{"href":"https:\/\/emilkirkegaard.dk\/da\/index.php?rest_route=\/wp\/v2\/types\/post"}],"author":[{"embeddable":true,"href":"https:\/\/emilkirkegaard.dk\/da\/index.php?rest_route=\/wp\/v2\/users\/4"}],"replies":[{"embeddable":true,"href":"https:\/\/emilkirkegaard.dk\/da\/index.php?rest_route=%2Fwp%2Fv2%2Fcomments&post=3262"}],"version-history":[{"count":1,"href":"https:\/\/emilkirkegaard.dk\/da\/index.php?rest_route=\/wp\/v2\/posts\/3262\/revisions"}],"predecessor-version":[{"id":3279,"href":"https:\/\/emilkirkegaard.dk\/da\/index.php?rest_route=\/wp\/v2\/posts\/3262\/revisions\/3279"}],"wp:featuredmedia":[{"embeddable":true,"href":"https:\/\/emilkirkegaard.dk\/da\/index.php?rest_route=\/wp\/v2\/media\/3274"}],"wp:attachment":[{"href":"https:\/\/emilkirkegaard.dk\/da\/index.php?rest_route=%2Fwp%2Fv2%2Fmedia&parent=3262"}],"wp:term":[{"taxonomy":"category","embeddable":true,"href":"https:\/\/emilkirkegaard.dk\/da\/index.php?rest_route=%2Fwp%2Fv2%2Fcategories&post=3262"},{"taxonomy":"post_tag","embeddable":true,"href":"https:\/\/emilkirkegaard.dk\/da\/index.php?rest_route=%2Fwp%2Fv2%2Ftags&post=3262"}],"curies":[{"name":"wp","href":"https:\/\/api.w.org\/{rel}","templated":true}]}}