{"id":3307,"date":"2017-03-31T07:07:02","date_gmt":"2017-03-31T06:07:02","guid":{"rendered":"http:\/\/emilkirkegaard.dk\/da\/?p=3307"},"modified":"2017-03-31T07:07:02","modified_gmt":"2017-03-31T06:07:02","slug":"konsistente-data-og-elektronisk-format-tak","status":"publish","type":"post","link":"https:\/\/emilkirkegaard.dk\/da\/?p=3307","title":{"rendered":"Konsistente data og elektronisk format, tak!"},"content":{"rendered":"<p>Har netop sendt f\u00f8lgende email til Kriminalforsorgen:<\/p>\n<blockquote>\n<div>\n<div>\n<div>\n<div>\n<div>\n<div>Hej KF,<\/p>\n<\/div>\n<p>P\u00e5 jeres hjemmeside kan man finde statistik over personer i de danske f\u00e6ngsler mht. udl\u00e6ndinge af forskellig slags:<\/p>\n<p><a href=\"http:\/\/www.kriminalforsorgen.dk\/Etnicitet-og-statsborgerskab-7539.aspx\" target=\"_blank\" data-saferedirecturl=\"https:\/\/www.google.com\/url?hl=en&amp;q=http:\/\/www.kriminalforsorgen.dk\/Etnicitet-og-statsborgerskab-7539.aspx&amp;source=gmail&amp;ust=1491026572856000&amp;usg=AFQjCNEMz5CGLPp5Ym0t76jsHKhsnJBQBA\">http:\/\/www.kriminalforsorgen.dk\/Etnicitet-og-statsborgerskab-7539.aspx<\/a><\/p>\n<\/div>\n<p>Der er uheldigvis problemer med jeres tal. For det f\u00f8rste er jeres tabeller ikke konsistente fra \u00e5r til \u00e5r hvad ang\u00e5r hvilke lande der er inkluderede. For det andet inkluderer nogle \u00e5r slet ikke information om statsborgerskab (fx 2005). For det tredje s\u00e5 tallene ikke tilg\u00e6ngelige i et maskinvenligt format (fx Excel). Det g\u00f8r analyse besv\u00e6rligt da I s\u00e5ledes tvinger andre til at bruge tiden p\u00e5 at skrive tallene af eller kopiere dem (m\u00e5ske med held). Det giver ikke meget mening da jeres tal naturligvis stammer fra et maskinvenligt format til at starte med, s\u00e5 hvorfor ligger de ikke tilg\u00e6ngeligt i et s\u00e5dan format?<\/p>\n<\/div>\n<p>Jeg vil derfor gerne eftersp\u00f8rge at I l\u00e6gger Excel-filer p\u00e5 jeres hjemmeside som l\u00f8ser alle de ovenst\u00e5ende problemer. Det burde relativt nemt kunne g\u00f8res. Filen kan derefter blot opdateres en gang om \u00e5ret med de nyeste tal.<\/p>\n<\/div>\n<p>Mvh.<\/p><\/div>\n<p>Emil<\/p><\/div>\n<p>Forsker<\/p><\/blockquote>\n<p>Har BCC til nogle folk der g\u00e5r op i \u00e5bne data. Det kan da ikke v\u00e6re rigtigt at de ikke kan finde ud af en s\u00e5 simpel opgave. Og jo, det kan det nok godt for <a href=\"http:\/\/www.aabenhedstinget.dk\/nyside\/sejr-skat-endte-med-at-udlevere-data-i-excel-format\/\">SKAT har tidligere pr\u00e6steret at v\u00e6re <strong><em>ufatteligt t\u00e5belige<\/em><\/strong> p\u00e5 samme omr\u00e5de<\/a>.<\/p>\n<p>Hvorfor har DST ikke bare en tabel med disse tal i deres samling?<\/p>\n<p>Tallene er i \u00f8vrigt ret interessante. Fx:<\/p>\n<p><a href=\"http:\/\/emilkirkegaard.dk\/da\/?attachment_id=3308\" rel=\"attachment wp-att-3308\"><img loading=\"lazy\" decoding=\"async\" class=\"alignnone size-full wp-image-3308\" src=\"http:\/\/emilkirkegaard.dk\/da\/wp-content\/uploads\/kf-tabel.png\" alt=\"kf tabel\" width=\"788\" height=\"360\" srcset=\"https:\/\/emilkirkegaard.dk\/da\/wp-content\/uploads\/kf-tabel.png 788w, https:\/\/emilkirkegaard.dk\/da\/wp-content\/uploads\/kf-tabel-300x137.png 300w, https:\/\/emilkirkegaard.dk\/da\/wp-content\/uploads\/kf-tabel-768x351.png 768w\" sizes=\"auto, (max-width: 788px) 100vw, 788px\" \/><\/a> <a href=\"http:\/\/emilkirkegaard.dk\/da\/?attachment_id=3309\" rel=\"attachment wp-att-3309\"><img loading=\"lazy\" decoding=\"async\" class=\"alignnone size-large wp-image-3309\" src=\"http:\/\/emilkirkegaard.dk\/da\/wp-content\/uploads\/kf-graf.png\" alt=\"kf graf\" width=\"720\" height=\"380\" srcset=\"https:\/\/emilkirkegaard.dk\/da\/wp-content\/uploads\/kf-graf.png 791w, https:\/\/emilkirkegaard.dk\/da\/wp-content\/uploads\/kf-graf-300x159.png 300w, https:\/\/emilkirkegaard.dk\/da\/wp-content\/uploads\/kf-graf-768x406.png 768w\" sizes=\"auto, (max-width: 720px) 100vw, 720px\" \/><\/a><\/p>\n","protected":false},"excerpt":{"rendered":"<p>Har netop sendt f\u00f8lgende email til Kriminalforsorgen: Hej KF, P\u00e5 jeres hjemmeside kan man finde statistik over personer i de danske f\u00e6ngsler mht. udl\u00e6ndinge af forskellig slags: http:\/\/www.kriminalforsorgen.dk\/Etnicitet-og-statsborgerskab-7539.aspx Der er uheldigvis problemer med jeres tal. For det f\u00f8rste er jeres tabeller ikke konsistente fra \u00e5r til \u00e5r hvad ang\u00e5r hvilke lande der er inkluderede. For [&hellip;]<\/p>\n","protected":false},"author":4,"featured_media":3309,"comment_status":"closed","ping_status":"closed","sticky":false,"template":"","format":"standard","meta":{"footnotes":""},"categories":[1751],"tags":[1730,1658],"class_list":["post-3307","post","type-post","status-publish","format-standard","has-post-thumbnail","hentry","category-indvandring-sociologi","tag-aktindsigt","tag-faengsel"],"_links":{"self":[{"href":"https:\/\/emilkirkegaard.dk\/da\/index.php?rest_route=\/wp\/v2\/posts\/3307","targetHints":{"allow":["GET"]}}],"collection":[{"href":"https:\/\/emilkirkegaard.dk\/da\/index.php?rest_route=\/wp\/v2\/posts"}],"about":[{"href":"https:\/\/emilkirkegaard.dk\/da\/index.php?rest_route=\/wp\/v2\/types\/post"}],"author":[{"embeddable":true,"href":"https:\/\/emilkirkegaard.dk\/da\/index.php?rest_route=\/wp\/v2\/users\/4"}],"replies":[{"embeddable":true,"href":"https:\/\/emilkirkegaard.dk\/da\/index.php?rest_route=%2Fwp%2Fv2%2Fcomments&post=3307"}],"version-history":[{"count":1,"href":"https:\/\/emilkirkegaard.dk\/da\/index.php?rest_route=\/wp\/v2\/posts\/3307\/revisions"}],"predecessor-version":[{"id":3310,"href":"https:\/\/emilkirkegaard.dk\/da\/index.php?rest_route=\/wp\/v2\/posts\/3307\/revisions\/3310"}],"wp:featuredmedia":[{"embeddable":true,"href":"https:\/\/emilkirkegaard.dk\/da\/index.php?rest_route=\/wp\/v2\/media\/3309"}],"wp:attachment":[{"href":"https:\/\/emilkirkegaard.dk\/da\/index.php?rest_route=%2Fwp%2Fv2%2Fmedia&parent=3307"}],"wp:term":[{"taxonomy":"category","embeddable":true,"href":"https:\/\/emilkirkegaard.dk\/da\/index.php?rest_route=%2Fwp%2Fv2%2Fcategories&post=3307"},{"taxonomy":"post_tag","embeddable":true,"href":"https:\/\/emilkirkegaard.dk\/da\/index.php?rest_route=%2Fwp%2Fv2%2Ftags&post=3307"}],"curies":[{"name":"wp","href":"https:\/\/api.w.org\/{rel}","templated":true}]}}