{"id":3312,"date":"2017-05-21T22:36:36","date_gmt":"2017-05-21T21:36:36","guid":{"rendered":"http:\/\/emilkirkegaard.dk\/da\/?p=3312"},"modified":"2017-06-12T01:53:53","modified_gmt":"2017-06-12T00:53:53","slug":"det-er-relativt-nemt-at-forudsige-hvilke-indvandrergrupper-som-klarer-sig-godt","status":"publish","type":"post","link":"https:\/\/emilkirkegaard.dk\/da\/?p=3312","title":{"rendered":"Det er relativt nemt at forudsige hvilke indvandrergrupper som klarer sig godt"},"content":{"rendered":"<p><a href=\"https:\/\/openpsych.net\/paper\/53\">Mit nye studie<\/a> om indvandrergruppers form\u00e5en i Danmark og Finland er udkommet. Udgangspunktet var de \u00f8konomiske resultater som <a href=\"https:\/\/www.fm.dk\/oekonomi-og-tal\/oekonomisk-analyse\/2017\/indvandreres-nettobidrag-til-offentlige-finanser\">Finansministeriet fornylig udgav<\/a> (<a href=\"http:\/\/archive.is\/1OYii\">arkiveret<\/a>), samt <a href=\"http:\/\/www.suomenperusta.fi\/immigrants-and-public-finances-in-finland-part-1-summary\/\">en lignende rapport fra Finland<\/a>. I den danske rapport var der data for n=32 oprindelseslande, mens den finske kun havde n=11, hvoraf n=9 overlappede dem de danske. Omregnet til Euro per person per \u00e5r ser sammenh\u00e6ngen s\u00e5ledes ud:<\/p>\n<p><a href=\"http:\/\/emilkirkegaard.dk\/da\/?attachment_id=3313\" rel=\"attachment wp-att-3313\"><img loading=\"lazy\" decoding=\"async\" class=\"alignnone size-large wp-image-3313\" src=\"http:\/\/emilkirkegaard.dk\/da\/wp-content\/uploads\/dk_fi-1024x666.png\" alt=\"dk_fi\" width=\"720\" height=\"468\" srcset=\"https:\/\/emilkirkegaard.dk\/da\/wp-content\/uploads\/dk_fi-1024x666.png 1024w, https:\/\/emilkirkegaard.dk\/da\/wp-content\/uploads\/dk_fi-300x195.png 300w, https:\/\/emilkirkegaard.dk\/da\/wp-content\/uploads\/dk_fi-768x499.png 768w\" sizes=\"auto, (max-width: 720px) 100vw, 720px\" \/><\/a><\/p>\n<p>De danske tal er baseret p\u00e5 alle personer i grupperne og er <em>ikke<\/em> justeret for alder (jeg skrev til Finansministeriet for at f\u00e5 aldersjusterede tal, men dem ville de ikke give\/udregne for mig.). De finske tal er baseret p\u00e5 personer i alderen 20-62 \u00e5r. Man m\u00e5 s\u00e5ledes konstatere, at tallene er ikke er helt sammenlignelige, men p\u00e5 trods af at, s\u00e5 var de meget h\u00f8jt korrelerede (r = .89). Forskellene blandt grupperne i Danmark er st\u00f8rre end i Finland, hvilket nok skyldes at den danske rapport var meget gennemgribende (adgang til offentlige data i CPR).<\/p>\n<p>N\u00e6ste skridt var at se p\u00e5 i hvor h\u00f8j grad forskellene mellem grupperne kunne forklares ud fra oprindelseslandenes karakteristika. Her valgte jeg at se p\u00e5 (national) IQ og muslim%. Vi ved fra \u00e5rtiers forskning at personer med h\u00f8jere intelligens klarer sig bedre i samfundet n\u00e6sten uanset hvilket omr\u00e5de man ser p\u00e5 (uddannelse, indkomst, kriminalitet, offentlig fors\u00f8rgelse, opsparing, f\u00e6rdselsulykker, milit\u00e6rtjeneste osv.), hvorefter man ogs\u00e5 m\u00e5 forvente at dette g\u00e6lder n\u00e5r der er tale om grupper af personer. Muslim% er mere diskutabel, men der er nok tale om en blanding af lav intelligens og modvilje mod at integrere sig i Danmark pga. v\u00e6rdikonflikter og antipati mod udgrupper. Disse kulturelle forskelle <a href=\"https:\/\/www.thereligionofpeace.com\/pages\/articles\/opinion-polls.aspx\">er veldokumenteret<\/a>, ogs\u00e5 blandt muslimer i Danmark. Uheldigvis findes der ikke omfattende forskning p\u00e5 individ-nivo p\u00e5 trods af at muslimer har levet i Vesteuropa i over 40 \u00e5r (<a href=\"https:\/\/da.wikipedia.org\/wiki\/G%C3%A6stearbejdere_i_Danmark\">de s\u00e5kaldte g\u00e6stearbejdere kom hertil i 1970erne<\/a>). L\u00e6seren kan selv spekulere sig frem til hvorfor der ikke findes det.<\/p>\n<p>I alt fald f\u00e5r man 4 figurer, 2 for hvert land, en for IQ og en for muslim%. De ser s\u00e5ledes ud:<\/p>\n<p><a href=\"http:\/\/emilkirkegaard.dk\/da\/?attachment_id=3314\" rel=\"attachment wp-att-3314\"><img loading=\"lazy\" decoding=\"async\" class=\"alignnone size-large wp-image-3314\" src=\"http:\/\/emilkirkegaard.dk\/da\/wp-content\/uploads\/denmark_IQ_fiscal-1024x666.png\" alt=\"denmark_IQ_fiscal\" width=\"720\" height=\"468\" srcset=\"https:\/\/emilkirkegaard.dk\/da\/wp-content\/uploads\/denmark_IQ_fiscal-1024x666.png 1024w, https:\/\/emilkirkegaard.dk\/da\/wp-content\/uploads\/denmark_IQ_fiscal-300x195.png 300w, https:\/\/emilkirkegaard.dk\/da\/wp-content\/uploads\/denmark_IQ_fiscal-768x499.png 768w\" sizes=\"auto, (max-width: 720px) 100vw, 720px\" \/><\/a> <a href=\"http:\/\/emilkirkegaard.dk\/da\/?attachment_id=3315\" rel=\"attachment wp-att-3315\"><img loading=\"lazy\" decoding=\"async\" class=\"alignnone size-large wp-image-3315\" src=\"http:\/\/emilkirkegaard.dk\/da\/wp-content\/uploads\/denmark_Muslim_fiscal-1024x666.png\" alt=\"denmark_Muslim_fiscal\" width=\"720\" height=\"468\" srcset=\"https:\/\/emilkirkegaard.dk\/da\/wp-content\/uploads\/denmark_Muslim_fiscal-1024x666.png 1024w, https:\/\/emilkirkegaard.dk\/da\/wp-content\/uploads\/denmark_Muslim_fiscal-300x195.png 300w, https:\/\/emilkirkegaard.dk\/da\/wp-content\/uploads\/denmark_Muslim_fiscal-768x499.png 768w\" sizes=\"auto, (max-width: 720px) 100vw, 720px\" \/><\/a> <a href=\"http:\/\/emilkirkegaard.dk\/da\/?attachment_id=3316\" rel=\"attachment wp-att-3316\"><img loading=\"lazy\" decoding=\"async\" class=\"alignnone size-large wp-image-3316\" src=\"http:\/\/emilkirkegaard.dk\/da\/wp-content\/uploads\/finland_IQ_fiscal-1024x666.png\" alt=\"finland_IQ_fiscal\" width=\"720\" height=\"468\" srcset=\"https:\/\/emilkirkegaard.dk\/da\/wp-content\/uploads\/finland_IQ_fiscal-1024x666.png 1024w, https:\/\/emilkirkegaard.dk\/da\/wp-content\/uploads\/finland_IQ_fiscal-300x195.png 300w, https:\/\/emilkirkegaard.dk\/da\/wp-content\/uploads\/finland_IQ_fiscal-768x499.png 768w\" sizes=\"auto, (max-width: 720px) 100vw, 720px\" \/><\/a> <a href=\"http:\/\/emilkirkegaard.dk\/da\/?attachment_id=3317\" rel=\"attachment wp-att-3317\"><img loading=\"lazy\" decoding=\"async\" class=\"alignnone size-large wp-image-3317\" src=\"http:\/\/emilkirkegaard.dk\/da\/wp-content\/uploads\/finland_Muslim_fiscal-1024x666.png\" alt=\"finland_Muslim_fiscal\" width=\"720\" height=\"468\" srcset=\"https:\/\/emilkirkegaard.dk\/da\/wp-content\/uploads\/finland_Muslim_fiscal-1024x666.png 1024w, https:\/\/emilkirkegaard.dk\/da\/wp-content\/uploads\/finland_Muslim_fiscal-300x195.png 300w, https:\/\/emilkirkegaard.dk\/da\/wp-content\/uploads\/finland_Muslim_fiscal-768x499.png 768w\" sizes=\"auto, (max-width: 720px) 100vw, 720px\" \/><\/a><\/p>\n<p>Alts\u00e5, i b\u00e5de Danmark og Finland er det temmelig nemt at forklare de v\u00e6sentligste forskelle mellem grupperne ved at se p\u00e5 oprindelseslandenes IQ og muslim%.<\/p>\n<p>Alle data og analysekoden er naturligvis tilg\u00e6ngelige til dem som er mere nysgerrige.<\/p>\n","protected":false},"excerpt":{"rendered":"<p>Mit nye studie om indvandrergruppers form\u00e5en i Danmark og Finland er udkommet. Udgangspunktet var de \u00f8konomiske resultater som Finansministeriet fornylig udgav (arkiveret), samt en lignende rapport fra Finland. I den danske rapport var der data for n=32 oprindelseslande, mens den finske kun havde n=11, hvoraf n=9 overlappede dem de danske. Omregnet til Euro per person [&hellip;]<\/p>\n","protected":false},"author":4,"featured_media":3315,"comment_status":"closed","ping_status":"closed","sticky":false,"template":"","format":"standard","meta":{"footnotes":""},"categories":[1751,33],"tags":[581,595,820],"class_list":["post-3312","post","type-post","status-publish","format-standard","has-post-thumbnail","hentry","category-indvandring-sociologi","category-psykologi","tag-intelligens","tag-iq","tag-muslimer"],"_links":{"self":[{"href":"https:\/\/emilkirkegaard.dk\/da\/index.php?rest_route=\/wp\/v2\/posts\/3312","targetHints":{"allow":["GET"]}}],"collection":[{"href":"https:\/\/emilkirkegaard.dk\/da\/index.php?rest_route=\/wp\/v2\/posts"}],"about":[{"href":"https:\/\/emilkirkegaard.dk\/da\/index.php?rest_route=\/wp\/v2\/types\/post"}],"author":[{"embeddable":true,"href":"https:\/\/emilkirkegaard.dk\/da\/index.php?rest_route=\/wp\/v2\/users\/4"}],"replies":[{"embeddable":true,"href":"https:\/\/emilkirkegaard.dk\/da\/index.php?rest_route=%2Fwp%2Fv2%2Fcomments&post=3312"}],"version-history":[{"count":2,"href":"https:\/\/emilkirkegaard.dk\/da\/index.php?rest_route=\/wp\/v2\/posts\/3312\/revisions"}],"predecessor-version":[{"id":3319,"href":"https:\/\/emilkirkegaard.dk\/da\/index.php?rest_route=\/wp\/v2\/posts\/3312\/revisions\/3319"}],"wp:featuredmedia":[{"embeddable":true,"href":"https:\/\/emilkirkegaard.dk\/da\/index.php?rest_route=\/wp\/v2\/media\/3315"}],"wp:attachment":[{"href":"https:\/\/emilkirkegaard.dk\/da\/index.php?rest_route=%2Fwp%2Fv2%2Fmedia&parent=3312"}],"wp:term":[{"taxonomy":"category","embeddable":true,"href":"https:\/\/emilkirkegaard.dk\/da\/index.php?rest_route=%2Fwp%2Fv2%2Fcategories&post=3312"},{"taxonomy":"post_tag","embeddable":true,"href":"https:\/\/emilkirkegaard.dk\/da\/index.php?rest_route=%2Fwp%2Fv2%2Ftags&post=3312"}],"curies":[{"name":"wp","href":"https:\/\/api.w.org\/{rel}","templated":true}]}}