{"id":3335,"date":"2018-08-14T04:08:35","date_gmt":"2018-08-14T03:08:35","guid":{"rendered":"http:\/\/emilkirkegaard.dk\/da\/?p=3335"},"modified":"2018-08-14T04:08:35","modified_gmt":"2018-08-14T03:08:35","slug":"indvandringens-pris-i-2015","status":"publish","type":"post","link":"https:\/\/emilkirkegaard.dk\/da\/?p=3335","title":{"rendered":"Indvandringens pris i 2015"},"content":{"rendered":"<p>Finansministeriet er begyndt at udgive \u00e5rlige rapporter om hvordan indvandrer p\u00e5virker Danmarks \u00f8konomi. Jeg tror at dette vist skyldes at DF kr\u00e6vede, at de skulle g\u00f8re det igen efter at den tidligere r\u00f8de regering havde fjernet opgaven (kan ikke lige finde artiklen om dette). I alt fald har vi nu to af disse rapporter:<\/p>\n<ul>\n<li><a href=\"https:\/\/www.fm.dk\/oekonomi-og-tal\/oekonomisk-analyse\/2017\/indvandreres-nettobidrag-til-offentlige-finanser\">Indvandreres nettobidrag til de offentlige finanser (i 2014)<\/a><\/li>\n<li><a href=\"https:\/\/www.fm.dk\/oekonomi-og-tal\/oekonomisk-analyse\/2018\/indvandreres-nettobidrag-til-offentlige-finanser\">Indvandreres nettobidrag til de offentlige finanser i 2015<\/a><\/li>\n<\/ul>\n<p>Her ser vi p\u00e5 den nyeste som udkom i for\u00e5ret 2018 og omhandler tal fra 2015.<\/p>\n<h4>Terminologi<\/h4>\n<p>Indledningsvis er det v\u00e6rd at huske p\u00e5 de finurlige definitioner <a href=\"http:\/\/teknologipartiet.dk\/2017\/02\/23\/indvandrere-opsummering\/\">DST arbejder med<\/a>:<\/p>\n<blockquote><p><em>Indvandrere<\/em><br \/>\nEn indvandrer er f\u00f8dt i udlandet. Ingen af for\u00e6ldrene m\u00e5 v\u00e6re b\u00e5de danske statsborgere og f\u00f8dt i Danmark. Hvis der ikke findes oplysninger om nogen af for\u00e6ldrene, og personen er f\u00f8dt i udlandet, opfattes personen ogs\u00e5 som indvandrer<\/p>\n<p><em>Efterkommere<\/em><br \/>\nEn efterkommer er f\u00f8dt i Danmark. Ingen af for\u00e6ldrene m\u00e5 v\u00e6re b\u00e5de danske statsborgere og f\u00f8dt i Danmark. Hvis der ikke findes oplysninger om nogen af for\u00e6ldrene, og personen er udenlandsk statsborger, opfattes personen ogs\u00e5 som efterkommer. N\u00e5r en eller begge for\u00e6ldre, der er f\u00f8dt i Danmark, opn\u00e5r dansk statsborgerskab, vil deres b\u00f8rn ikke blive klassificeret som efterkommere. Fastholder danskf\u00f8dte for\u00e6ldre imidlertid begge et udenlandsk statsborgerskab, vil deres b\u00f8rn blive klassificeret som efterkommere.<\/p>\n<p><em>Personer af dansk oprindelse<\/em><br \/>\nEn person af dansk oprindelse er en person \u2013 uanset f\u00f8dested \u2013 der har mindst \u00e9n for\u00e6lder, der b\u00e5de er dansk statsborger og f\u00f8dt i Danmark. Oprindelsesland Den enkeltes oprindelsesland er fastsat af Danmarks Statistik som f\u00f8lger<\/p>\n<ul>\n<li>N\u00e5r ingen af for\u00e6ldrene kendes, er oprindelseslandet defineret ud fra personens egne oplysninger. Er personen indvandrer, antages det, at oprindelseslandet er lig med f\u00f8delandet. Er personen efterkommer, antages det, at oprindelseslandet er lig med statsborgerskabslandet<\/li>\n<li>N\u00e5r kun \u00e9n for\u00e6lder kendes, defineres oprindelseslandet ud fra dennes f\u00f8deland. Hvis dette er Danmark, bruges statsborgerskabslandet<\/li>\n<li>N\u00e5r begge for\u00e6ldre kendes, defineres oprindelsesland ud fra moderens f\u00f8deland, henholdsvis statsborgerskabsland. Vestlige\/Ikke-vestlige lande<\/li>\n<\/ul>\n<p>Vestlige lande: Alle 28 EU-lande samt Andorra, Island, Liechtenstein, Monaco, Norge, San Marino, Schweiz, Vatikanstaten, Canada, USA, Australien og New Zealand.<\/p>\n<p>Ikke-vestlige lande: Alle \u00f8vrige lande.<\/p><\/blockquote>\n<p>Hertil skal det bem\u00e6rkes at:<\/p>\n<ul>\n<li>Personer godt kan skifte kategori. Det sker for efterkommere som kan skifte til <em>dansk oprindelse<\/em> s\u00e5fremt, at deres for\u00e6ldre er f\u00f8dt i Danmark og ikke havde dansk statsborgerskab, men senere fik det.<\/li>\n<li>Personer med dansk-fremmed baggrund (en for\u00e6lder dansk, en ikke), t\u00e6lles som 100% dansk. Deres eventuelle b\u00f8rn vil ogs\u00e5 t\u00e6lles som 100% dansk, selvom disse m\u00e5tte v\u00e6re et sted mellem 25 og 75%.<\/li>\n<\/ul>\n<p>Rapporten besk\u00e6ftiger sig s\u00e6rligt med tal om nettobidrag, som er:<\/p>\n<blockquote><p>Udgangspunktet for denne analyse er at s\u00f8ge at opg\u00f8re, hvor meget de enkelte indbyggere i Danmark p\u00e5 den ene side betaler i skatter og afgifter og p\u00e5 den anden side modtager fra det offentlige i form af ydelser og overf\u00f8rsler. Dette kaldes i det f\u00f8lgende for personens nettobidrag til de offentlige finanser<\/p><\/blockquote>\n<h3>Resultater<\/h3>\n<p>Hovedopsummeringen er som f\u00f8lger:<\/p>\n<blockquote><p>F\u00f8rste del af analysen viser, at indvandrere og efterkommere samlet indeb\u00e6rer en nettoudgift p\u00e5 33 mia. kr. i 2015. For ikke-vestlige indvandrere og efterkommere er nettoudgiften 36 mia. kr. i 2015, hvilket er 4 mia. kr. mere end i den tilsvarende opg\u00f8relse for 2014, der blev offentliggjort i for\u00e5ret 2017. Omkring 1 mia. kr. heraf afspejler tekniske forhold, herunder opregning til 2015-priser. De resterende ca. 3 mia. kr. skyldes bl.a. stigende nettoudgifter p\u00e5 grund af det store antal asylmodtagere i 2015. For indvandrere og efterkommere fra vestlige lande er det samlede nettobidrag til de offentlige finanser opgjort til 3 mia. kr., hvilket er knap 1 mia. kr. mindre end i 2014. Omkring halvdelen af \u00e6ndringen for vestlige indvandrere vedr\u00f8rer tekniske forhold.<\/p><\/blockquote>\n<p>I stedet for en masse ord, s\u00e5 f\u00f8lger her en selektion af figurer fra rapporten.<\/p>\n<p><a href=\"http:\/\/emilkirkegaard.dk\/da\/?attachment_id=3336\" rel=\"attachment wp-att-3336\"><img loading=\"lazy\" decoding=\"async\" class=\"alignnone size-large wp-image-3336\" src=\"http:\/\/emilkirkegaard.dk\/da\/wp-content\/uploads\/rap-fig-1.1-1024x627.png\" alt=\"\" width=\"720\" height=\"441\" srcset=\"https:\/\/emilkirkegaard.dk\/da\/wp-content\/uploads\/rap-fig-1.1-1024x627.png 1024w, https:\/\/emilkirkegaard.dk\/da\/wp-content\/uploads\/rap-fig-1.1-300x184.png 300w, https:\/\/emilkirkegaard.dk\/da\/wp-content\/uploads\/rap-fig-1.1-768x470.png 768w, https:\/\/emilkirkegaard.dk\/da\/wp-content\/uploads\/rap-fig-1.1.png 1233w\" sizes=\"auto, (max-width: 720px) 100vw, 720px\" \/><\/a><\/p>\n<p>Alts\u00e5: 1) b\u00e5de vestlige og ikke-vestlige indvandrere klarer sig d\u00e5rligere end danskere, 2) ikke-vestlige indvandrers bidrag er s\u00e5 ringe, at de p\u00e5 intet tidspunkt i livet leverer et gennemsnitligt bidrag til statskassen, 3) efterkommere er stadig ret unge, s\u00e6rligt ikke-vestlige.<\/p>\n<p><a href=\"http:\/\/emilkirkegaard.dk\/da\/?attachment_id=3337\" rel=\"attachment wp-att-3337\"><img loading=\"lazy\" decoding=\"async\" class=\"alignnone size-large wp-image-3337\" src=\"http:\/\/emilkirkegaard.dk\/da\/wp-content\/uploads\/rap-fig-1.3-4-1024x728.png\" alt=\"\" width=\"720\" height=\"512\" srcset=\"https:\/\/emilkirkegaard.dk\/da\/wp-content\/uploads\/rap-fig-1.3-4-1024x728.png 1024w, https:\/\/emilkirkegaard.dk\/da\/wp-content\/uploads\/rap-fig-1.3-4-300x213.png 300w, https:\/\/emilkirkegaard.dk\/da\/wp-content\/uploads\/rap-fig-1.3-4-768x546.png 768w, https:\/\/emilkirkegaard.dk\/da\/wp-content\/uploads\/rap-fig-1.3-4.png 1235w\" sizes=\"auto, (max-width: 720px) 100vw, 720px\" \/><\/a><\/p>\n<p>Det er rimeligt at justere for alderssammens\u00e6tningen hvis man er interesseret i hvordan en gruppe kan forventes at bidrage til samfundet gennem deres liv, og ikke bare ved deres nuv\u00e6rende aldersfordeling. Dette er det mest relevante at se p\u00e5 ifht. den l\u00e6ngere udvikling i et land. Her ses det, at vestlige indvandrer klarer sig n\u00e6sten p\u00e5 niveau med danskere, mens at ikke-vestlige ikke g\u00f8r det, hverken f\u00f8rste eller anden+ generation. Vi ved fra DSTs \u00e5rlige rapporter, at tallene for 3. generation (&#8216;b\u00f8rn af efterkommere&#8217;) ser identiske ud for dem for 2. generation. Man m\u00e5 derfor forvente at tallene i figur 1.4 ovenfor forts\u00e6tter i rimelig fremtid.<\/p>\n<p><a href=\"http:\/\/emilkirkegaard.dk\/da\/?attachment_id=3338\" rel=\"attachment wp-att-3338\"><img loading=\"lazy\" decoding=\"async\" class=\"alignnone size-large wp-image-3338\" src=\"http:\/\/emilkirkegaard.dk\/da\/wp-content\/uploads\/rap-fig-1.7-8-1024x675.png\" alt=\"\" width=\"720\" height=\"475\" srcset=\"https:\/\/emilkirkegaard.dk\/da\/wp-content\/uploads\/rap-fig-1.7-8-1024x675.png 1024w, https:\/\/emilkirkegaard.dk\/da\/wp-content\/uploads\/rap-fig-1.7-8-300x198.png 300w, https:\/\/emilkirkegaard.dk\/da\/wp-content\/uploads\/rap-fig-1.7-8-768x506.png 768w, https:\/\/emilkirkegaard.dk\/da\/wp-content\/uploads\/rap-fig-1.7-8.png 1254w\" sizes=\"auto, (max-width: 720px) 100vw, 720px\" \/><\/a><\/p>\n<p>En anden m\u00e5de at se det p\u00e5 er, at se p\u00e5 den relative andel af en gruppe som bidrager positivt, hvilket ses til h\u00f8jre ovenfor. Her kan man notere sig, at 71% af danskere bidrager positivt, mens at tallet er 36% for ikke-vestlige indvandrere og omtrent 50% for deres b\u00f8rn. Denne figur giver en god ide om cirka hvor mange indvandrere man er n\u00f8dt til at enten f\u00e5 til at bidrage mere positivt, eller hjemsende f\u00f8r at dansk \u00f8konomi opretholdes p\u00e5 samme niveau. Dette g\u00f8res ved at fjerner dele af baren indtil farverne er cirka proportionelle dem for den danske bar. Jeg vil skyde p\u00e5 at en udvisning af 33 til 50% ikke-vestlige indvandrere ville v\u00e6re tilstr\u00e6kkeligt, og 20-33% af deres b\u00f8rn. For vestlige og deres b\u00f8rn, 10-15%.<\/p>\n<p><a href=\"http:\/\/emilkirkegaard.dk\/da\/?attachment_id=3339\" rel=\"attachment wp-att-3339\"><img loading=\"lazy\" decoding=\"async\" class=\"alignnone size-large wp-image-3339\" src=\"http:\/\/emilkirkegaard.dk\/da\/wp-content\/uploads\/rap-fig-1.9-10-1024x669.png\" alt=\"\" width=\"720\" height=\"470\" srcset=\"https:\/\/emilkirkegaard.dk\/da\/wp-content\/uploads\/rap-fig-1.9-10-1024x669.png 1024w, https:\/\/emilkirkegaard.dk\/da\/wp-content\/uploads\/rap-fig-1.9-10-300x196.png 300w, https:\/\/emilkirkegaard.dk\/da\/wp-content\/uploads\/rap-fig-1.9-10-768x501.png 768w, https:\/\/emilkirkegaard.dk\/da\/wp-content\/uploads\/rap-fig-1.9-10.png 1066w\" sizes=\"auto, (max-width: 720px) 100vw, 720px\" \/><\/a><\/p>\n<p>Der er stor variation indenfor de to store grupper &#8220;vestlige&#8221; og &#8220;ikke-vestlige&#8221;. Man kan derfor i stedet se p\u00e5 de enkelte oprindelseslande. Her har de dog ikke udregnet aldersstandardiserede tal. Man ser dog stadig, at 3 ikke-vestlige lande har positive nettobidrag, og at 3 vestlige har negativt nettobidrag.<\/p>\n<p><a href=\"http:\/\/emilkirkegaard.dk\/da\/?attachment_id=3340\" rel=\"attachment wp-att-3340\"><img loading=\"lazy\" decoding=\"async\" class=\"alignnone size-large wp-image-3340\" src=\"http:\/\/emilkirkegaard.dk\/da\/wp-content\/uploads\/rap-1.17-18-1024x732.png\" alt=\"\" width=\"720\" height=\"515\" srcset=\"https:\/\/emilkirkegaard.dk\/da\/wp-content\/uploads\/rap-1.17-18-1024x732.png 1024w, https:\/\/emilkirkegaard.dk\/da\/wp-content\/uploads\/rap-1.17-18-300x215.png 300w, https:\/\/emilkirkegaard.dk\/da\/wp-content\/uploads\/rap-1.17-18-768x549.png 768w, https:\/\/emilkirkegaard.dk\/da\/wp-content\/uploads\/rap-1.17-18.png 1036w\" sizes=\"auto, (max-width: 720px) 100vw, 720px\" \/><\/a><\/p>\n<p>Ser man p\u00e5 oprindelsesgrundlaget, s\u00e5 er der nogle \u00e5benlyse m\u00f8nstrer: folk der kommer til Danmark for at arbejde (erhverv) bidrager positivt, ogs\u00e5 selvom de er fra ikke-vestlige lande. Ikke-vestlige der kommer for at studere bidrager ogs\u00e5 positivt p\u00e5 sigt, efter 4 \u00e5r og frem. Alle andre grupper er en d\u00e5rlig forretning, s\u00e6rligt asylans\u00f8gere i det f\u00f8rste \u00e5r.<\/p>\n<p><a href=\"http:\/\/emilkirkegaard.dk\/da\/?attachment_id=3341\" rel=\"attachment wp-att-3341\"><img loading=\"lazy\" decoding=\"async\" class=\"alignnone size-large wp-image-3341\" src=\"http:\/\/emilkirkegaard.dk\/da\/wp-content\/uploads\/rap-2.9-10-1024x729.png\" alt=\"\" width=\"720\" height=\"513\" srcset=\"https:\/\/emilkirkegaard.dk\/da\/wp-content\/uploads\/rap-2.9-10-1024x729.png 1024w, https:\/\/emilkirkegaard.dk\/da\/wp-content\/uploads\/rap-2.9-10-300x214.png 300w, https:\/\/emilkirkegaard.dk\/da\/wp-content\/uploads\/rap-2.9-10-768x547.png 768w, https:\/\/emilkirkegaard.dk\/da\/wp-content\/uploads\/rap-2.9-10.png 1057w\" sizes=\"auto, (max-width: 720px) 100vw, 720px\" \/><\/a><\/p>\n<p>Ser man p\u00e5 nettobidrag ifht. uddannelse, s\u00e5 ser man tydeligt, at udl\u00e6ndinges uddannelse ikke er det samme v\u00e6rd som en dansk, for de f\u00e5r systematisk mindre i l\u00f8n. En indvandrer med s\u00e5kaldt lang videreg\u00e5ende uddannelse (LVU) f\u00e5r omtrent det samme i l\u00f8n som en dansker med et sted mellem et f\u00e6rdigt gymnasium og en erhvervsuddannelse.<\/p>\n<p><a href=\"http:\/\/emilkirkegaard.dk\/da\/?attachment_id=3342\" rel=\"attachment wp-att-3342\"><img loading=\"lazy\" decoding=\"async\" class=\"alignnone size-large wp-image-3342\" src=\"http:\/\/emilkirkegaard.dk\/da\/wp-content\/uploads\/rap-fig-2.11-12-1024x626.png\" alt=\"\" width=\"720\" height=\"440\" srcset=\"https:\/\/emilkirkegaard.dk\/da\/wp-content\/uploads\/rap-fig-2.11-12-1024x626.png 1024w, https:\/\/emilkirkegaard.dk\/da\/wp-content\/uploads\/rap-fig-2.11-12-300x183.png 300w, https:\/\/emilkirkegaard.dk\/da\/wp-content\/uploads\/rap-fig-2.11-12-768x469.png 768w, https:\/\/emilkirkegaard.dk\/da\/wp-content\/uploads\/rap-fig-2.11-12.png 1065w\" sizes=\"auto, (max-width: 720px) 100vw, 720px\" \/><\/a><\/p>\n<p>Omregner man ovenst\u00e5ende \u00e5rsl\u00f8n til nettobidrag, s\u00e5 ser man, at ikke-vestlige indvandrere skal have en lang uddannelse for at overhovedet bidrage positivt, mens at indvandrere fra vestlige lande nok kan n\u00f8jes med et f\u00e6rdigt gymnasium. Det er en enormt ringe forretning at modtage ikke-vestlige med kun grundskole.<\/p>\n<p><a href=\"http:\/\/emilkirkegaard.dk\/da\/?attachment_id=3343\" rel=\"attachment wp-att-3343\"><img loading=\"lazy\" decoding=\"async\" class=\"alignnone size-large wp-image-3343\" src=\"http:\/\/emilkirkegaard.dk\/da\/wp-content\/uploads\/rap-2.15-16-1024x759.png\" alt=\"\" width=\"720\" height=\"534\" srcset=\"https:\/\/emilkirkegaard.dk\/da\/wp-content\/uploads\/rap-2.15-16-1024x759.png 1024w, https:\/\/emilkirkegaard.dk\/da\/wp-content\/uploads\/rap-2.15-16-300x222.png 300w, https:\/\/emilkirkegaard.dk\/da\/wp-content\/uploads\/rap-2.15-16-768x569.png 768w, https:\/\/emilkirkegaard.dk\/da\/wp-content\/uploads\/rap-2.15-16.png 1054w\" sizes=\"auto, (max-width: 720px) 100vw, 720px\" \/><\/a><\/p>\n<p>Givet ovenst\u00e5ende er det en god ide, at se p\u00e5 hvilken fordeling de forskellige lande har af uddannelse. Her ses det tydeligt, at de store nassegrupper af statskassen har meget store andele af personer med kun grundskole, mens at denne andel er ret lille for de vestlige lande, og et par ikke-vestlige (Ukraine, Indien, Kina).<\/p>\n","protected":false},"excerpt":{"rendered":"<p>Finansministeriet er begyndt at udgive \u00e5rlige rapporter om hvordan indvandrer p\u00e5virker Danmarks \u00f8konomi. Jeg tror at dette vist skyldes at DF kr\u00e6vede, at de skulle g\u00f8re det igen efter at den tidligere r\u00f8de regering havde fjernet opgaven (kan ikke lige finde artiklen om dette). I alt fald har vi nu to af disse rapporter: Indvandreres [&hellip;]<\/p>\n","protected":false},"author":4,"featured_media":3338,"comment_status":"closed","ping_status":"closed","sticky":false,"template":"","format":"standard","meta":{"footnotes":""},"categories":[1648,1751],"tags":[1714],"class_list":["post-3335","post","type-post","status-publish","format-standard","has-post-thumbnail","hentry","category-demografi","category-indvandring-sociologi","tag-okonomi"],"_links":{"self":[{"href":"https:\/\/emilkirkegaard.dk\/da\/index.php?rest_route=\/wp\/v2\/posts\/3335","targetHints":{"allow":["GET"]}}],"collection":[{"href":"https:\/\/emilkirkegaard.dk\/da\/index.php?rest_route=\/wp\/v2\/posts"}],"about":[{"href":"https:\/\/emilkirkegaard.dk\/da\/index.php?rest_route=\/wp\/v2\/types\/post"}],"author":[{"embeddable":true,"href":"https:\/\/emilkirkegaard.dk\/da\/index.php?rest_route=\/wp\/v2\/users\/4"}],"replies":[{"embeddable":true,"href":"https:\/\/emilkirkegaard.dk\/da\/index.php?rest_route=%2Fwp%2Fv2%2Fcomments&post=3335"}],"version-history":[{"count":1,"href":"https:\/\/emilkirkegaard.dk\/da\/index.php?rest_route=\/wp\/v2\/posts\/3335\/revisions"}],"predecessor-version":[{"id":3344,"href":"https:\/\/emilkirkegaard.dk\/da\/index.php?rest_route=\/wp\/v2\/posts\/3335\/revisions\/3344"}],"wp:featuredmedia":[{"embeddable":true,"href":"https:\/\/emilkirkegaard.dk\/da\/index.php?rest_route=\/wp\/v2\/media\/3338"}],"wp:attachment":[{"href":"https:\/\/emilkirkegaard.dk\/da\/index.php?rest_route=%2Fwp%2Fv2%2Fmedia&parent=3335"}],"wp:term":[{"taxonomy":"category","embeddable":true,"href":"https:\/\/emilkirkegaard.dk\/da\/index.php?rest_route=%2Fwp%2Fv2%2Fcategories&post=3335"},{"taxonomy":"post_tag","embeddable":true,"href":"https:\/\/emilkirkegaard.dk\/da\/index.php?rest_route=%2Fwp%2Fv2%2Ftags&post=3335"}],"curies":[{"name":"wp","href":"https:\/\/api.w.org\/{rel}","templated":true}]}}