{"id":3411,"date":"2019-10-28T06:38:52","date_gmt":"2019-10-28T05:38:52","guid":{"rendered":"https:\/\/emilkirkegaard.dk\/da\/?p=3411"},"modified":"2019-10-28T06:40:53","modified_gmt":"2019-10-28T05:40:53","slug":"danske-love-og-voldsmandens-veto","status":"publish","type":"post","link":"https:\/\/emilkirkegaard.dk\/da\/?p=3411","title":{"rendered":"Danske love og voldsmandens veto"},"content":{"rendered":"<p><a href=\"https:\/\/emilkirkegaard.dk\/da\/?attachment_id=3412\" rel=\"attachment wp-att-3412\"><img loading=\"lazy\" decoding=\"async\" class=\"alignright wp-image-3412 size-medium\" src=\"https:\/\/emilkirkegaard.dk\/da\/wp-content\/uploads\/antifa-og-polit-300x200.jpg\" alt=\"\" width=\"300\" height=\"200\" srcset=\"https:\/\/emilkirkegaard.dk\/da\/wp-content\/uploads\/antifa-og-polit-300x200.jpg 300w, https:\/\/emilkirkegaard.dk\/da\/wp-content\/uploads\/antifa-og-polit-768x512.jpg 768w, https:\/\/emilkirkegaard.dk\/da\/wp-content\/uploads\/antifa-og-polit.jpg 1024w\" sizes=\"auto, (max-width: 300px) 100vw, 300px\" \/><\/a>Politiet er enormt lempelige med deres omgang med ANTIFA og andre venstrefl\u00f8js terrororganisationer. Men det er ikke fordi at der mangler juridisk grundlag for handling. Her er en kort opsummering.<\/p>\n<p><a href=\"https:\/\/www.retsinformation.dk\/Forms\/R0710.aspx?id=209398\">Straffeloven<\/a> giver rigeligt med mulighed for at straffe folk der forhindrer afholdelse af en demonstration ved vold. \u00a7133 er en generel bestemmelse mod opl\u00f8b:<\/p>\n<blockquote>\n<p id=\"id4981e572-b689-46c1-b3b3-ae734f74c218\" class=\"Paragraf\"><strong> <span id=\"Par172\" class=\"ParagrafNr\">\u00a7\u00a0133.<\/span> Den, som fremkalder opl\u00f8b med det fors\u00e6t at \u00f8ve eller true med vold p\u00e5 person eller gods, straffes med b\u00f8de eller f\u00e6ngsel indtil 3 \u00e5r.<\/strong><\/p>\n<p class=\"Stk2\"><span id=\"id5a035aef-1be4-4f58-8de0-37731c50109d\" class=\"StkNr\">Stk.\u00a02.<\/span> P\u00e5 samme m\u00e5de straffes de, der ved et opl\u00f8b, under hvilket n\u00e6vnte form\u00e5l er lagt for dagen, optr\u00e6der som opl\u00f8bets ledere, samt enhver deltager, der undlader at efterkomme \u00f8vrighedens lovligt forkyndte p\u00e5bud til m\u00e6ngden om at skilles.<\/p>\n<p class=\"Stk2\"><strong><span id=\"id9d1db3b8-e22a-4897-84db-fe7865318056\" class=\"StkNr\">Stk.\u00a03.<\/span> Beg\u00e5s der under s\u00e5dant opl\u00f8b nogen under dets form\u00e5l h\u00f8rende forbrydelse, straffes opl\u00f8bets anstiftere eller ledere efter den bestemmelse, der g\u00e6lder for den p\u00e5g\u00e6ldende forbrydelse.<\/strong><\/p>\n<\/blockquote>\n<p>Bestemmelsen finder klar mulighed for at blive brugt mod lederne af terrororganisationer og deres talspersoner, dvs. politiet burde stifte Twitter m.fl., for at f\u00e5 information p\u00e5 personerne bag diverse kontoer.<\/p>\n<p>\u00a7137 er s\u00e6rligt rettet mod personer som forhindrer andre i at samles lovligt:<\/p>\n<blockquote>\n<p id=\"iddf10efd2-930a-46d5-89ae-02a83dd39c8f\" class=\"Paragraf\"><strong><span id=\"Par179\" class=\"ParagrafNr\">\u00a7\u00a0137.<\/span> Den, som s\u00f8ger at forhindre afholdelsen af lovlig offentlig sammenkomst, straffes med b\u00f8de eller f\u00e6ngsel indtil 2 \u00e5r.<\/strong><\/p>\n<p class=\"Stk2\"><span id=\"id2d399806-8569-4315-9419-76f95cecaac3\" class=\"StkNr\">Stk.\u00a02.<\/span> P\u00e5 samme m\u00e5de straffes den, der ved larm eller uorden forstyrrer offentlig samling af Folketinget, F\u00e6r\u00f8ernes lagting, kommunale eller andre offentlige r\u00e5d, gudstjeneste eller anden offentlig kirkelig handling, eller som p\u00e5 us\u00f8mmelig m\u00e5de forstyrrer ligf\u00e6rd.<\/p>\n<\/blockquote>\n<p>\u00a781 g\u00f8r det en sk\u00e6rpende omst\u00e6ndighed (l\u00e6s: straffes h\u00e5rdere) hvis man angriber folk pga. deres lovlige ytringer:<\/p>\n<blockquote>\n<p id=\"id7caa5403-9c35-4d47-a66a-50070d2ef3bd\" class=\"Paragraf\"><span id=\"Par88\" class=\"ParagrafNr\">\u00a7\u00a081.<\/span> Det skal ved straffens fasts\u00e6ttelse i almindelighed indg\u00e5 som sk\u00e6rpende omst\u00e6ndighed,<\/p>\n<p class=\"Liste1\"><span id=\"id1efd9375-13be-405e-b1c0-1a0495795a12\" class=\"Liste1Nr\">1)<\/span> at gerningsmanden tidligere er straffet af betydning for sagen,<\/p>\n<p class=\"Liste1\"><span id=\"id27c3f2d2-6c7f-4adc-a58b-b23cbb48d0f5\" class=\"Liste1Nr\">2)<\/span> at gerningen er udf\u00f8rt af flere i forening,<\/p>\n<p class=\"Liste1\"><span id=\"id5dc8699e-019a-4c56-8dee-0b7cc7ebba77\" class=\"Liste1Nr\">3)<\/span> at gerningen er s\u00e6rligt planlagt eller led i omfattende kriminalitet,<\/p>\n<p class=\"Liste1\"><span id=\"idfd610880-3071-486d-b6af-d6630575dff8\" class=\"Liste1Nr\">4)<\/span> at gerningsmanden tilsigtede, at gerningen skulle have betydelig alvorligere f\u00f8lger, end den fik,<\/p>\n<p class=\"Liste1\"><span id=\"idfb01a610-cf2d-4d11-8d1f-3174130555f5\" class=\"Liste1Nr\">5)<\/span> at gerningsmanden har udvist s\u00e6rlig hensynsl\u00f8shed,<\/p>\n<p class=\"Liste1\"><span id=\"id09c1bd1a-7e47-41f4-8cf4-8accff926af6\" class=\"Liste1Nr\">6)<\/span> at gerningen har baggrund i andres etniske oprindelse, tro, seksuelle orientering eller lignende,<\/p>\n<p class=\"Liste1\"><strong><span id=\"ida10b2b9e-322c-4683-a790-6e25b77106da\" class=\"Liste1Nr\">7)<\/span> at gerningen har baggrund i den forurettedes lovlige ytringer i den offentlige debat,<\/strong><\/p>\n<p class=\"Liste1\"><span id=\"ida1752843-6f01-4bae-a03e-bea84cd2faba\" class=\"Liste1Nr\">8)<\/span> at gerningen er beg\u00e5et i udf\u00f8relsen af offentlig tjeneste eller hverv eller under misbrug af stilling eller s\u00e6rligt tillidsforhold i \u00f8vrigt,<\/p>\n<p class=\"Liste1\"><span id=\"id6dc434da-d5b3-4833-9c6d-1362ec599037\" class=\"Liste1Nr\">9)<\/span> at gerningsmanden har f\u00e5et en anden til at medvirke til gerningen ved tvang, svig eller udnyttelse af dennes unge alder eller betydelige \u00f8konomiske eller personlige vanskeligheder, manglende indsigt, letsind eller et best\u00e5ende afh\u00e6ngighedsforhold,<\/p>\n<p class=\"Liste1\"><span id=\"id0dbbd21e-5c33-4bde-8c59-31f555cc8a88\" class=\"Liste1Nr\">10)<\/span> at gerningsmanden har medvirket til kriminalitet udf\u00f8rt af et barn under 15 \u00e5r,<\/p>\n<p class=\"Liste1\"><span id=\"idb94a737a-44f2-43df-9463-605051dd1ce4\" class=\"Liste1Nr\">11)<\/span> at gerningsmanden har udnyttet forurettedes v\u00e6rgel\u00f8se stilling,<\/p>\n<p class=\"Liste1\"><span id=\"id699f8773-5e9d-42cb-9c96-be9e7098aef8\" class=\"Liste1Nr\">12)<\/span> at gerningen er beg\u00e5et af en person, der er varet\u00e6gtsf\u00e6ngslet eller undergivet foranstaltning, der tr\u00e6der i stedet herfor, eller af en person, der udst\u00e5r straf eller anden strafferetlig retsf\u00f8lge af frihedsber\u00f8vende karakter, eller af en person under undvigelse herfra,<\/p>\n<p class=\"Liste1\"><span id=\"id43946c7d-9554-4ec9-9caa-9289e5c43986\" class=\"Liste1Nr\">13)<\/span> at gerningen er beg\u00e5et af en person, der har v\u00e6ret varet\u00e6gtsf\u00e6ngslet eller undergivet foranstaltning, der tr\u00e6der i stedet herfor, eller af en person, der har udst\u00e5et straf eller anden strafferetlig retsf\u00f8lge af frihedsber\u00f8vende karakter, over for institutionen eller en person med ans\u00e6ttelse ved institutionen,<\/p>\n<p class=\"Liste1\"><span id=\"id3dde8e0f-9554-4c90-b82c-5b60363504a5\" class=\"Liste1Nr\">14)<\/span> at gerningen har baggrund i den forurettedes eller dennes n\u00e6rmestes udf\u00f8relse af offentlig tjeneste eller hverv.<\/p>\n<\/blockquote>\n<p>Pernille kunne jo passende sp\u00f8rge Justitsministeren hvorfor disse love ikke anvendes i st\u00f8rre grad end er tilf\u00e6ldet. Man burde ogs\u00e5 kr\u00e6ve en oversigt over deres seneste anvendelser.<\/p>\n","protected":false},"excerpt":{"rendered":"<p>Politiet er enormt lempelige med deres omgang med ANTIFA og andre venstrefl\u00f8js terrororganisationer. Men det er ikke fordi at der mangler juridisk grundlag for handling. Her er en kort opsummering. Straffeloven giver rigeligt med mulighed for at straffe folk der forhindrer afholdelse af en demonstration ved vold. \u00a7133 er en generel bestemmelse mod opl\u00f8b: \u00a7\u00a0133. [&hellip;]<\/p>\n","protected":false},"author":4,"featured_media":3412,"comment_status":"closed","ping_status":"closed","sticky":false,"template":"","format":"standard","meta":{"footnotes":""},"categories":[1510,1543,1667],"tags":[1808,1807],"class_list":["post-3411","post","type-post","status-publish","format-standard","has-post-thumbnail","hentry","category-censur-politik","category-demokrati-politik","category-ytringsfrihed","tag-danske-love","tag-voldsmandens-veto"],"_links":{"self":[{"href":"https:\/\/emilkirkegaard.dk\/da\/index.php?rest_route=\/wp\/v2\/posts\/3411","targetHints":{"allow":["GET"]}}],"collection":[{"href":"https:\/\/emilkirkegaard.dk\/da\/index.php?rest_route=\/wp\/v2\/posts"}],"about":[{"href":"https:\/\/emilkirkegaard.dk\/da\/index.php?rest_route=\/wp\/v2\/types\/post"}],"author":[{"embeddable":true,"href":"https:\/\/emilkirkegaard.dk\/da\/index.php?rest_route=\/wp\/v2\/users\/4"}],"replies":[{"embeddable":true,"href":"https:\/\/emilkirkegaard.dk\/da\/index.php?rest_route=%2Fwp%2Fv2%2Fcomments&post=3411"}],"version-history":[{"count":2,"href":"https:\/\/emilkirkegaard.dk\/da\/index.php?rest_route=\/wp\/v2\/posts\/3411\/revisions"}],"predecessor-version":[{"id":3414,"href":"https:\/\/emilkirkegaard.dk\/da\/index.php?rest_route=\/wp\/v2\/posts\/3411\/revisions\/3414"}],"wp:featuredmedia":[{"embeddable":true,"href":"https:\/\/emilkirkegaard.dk\/da\/index.php?rest_route=\/wp\/v2\/media\/3412"}],"wp:attachment":[{"href":"https:\/\/emilkirkegaard.dk\/da\/index.php?rest_route=%2Fwp%2Fv2%2Fmedia&parent=3411"}],"wp:term":[{"taxonomy":"category","embeddable":true,"href":"https:\/\/emilkirkegaard.dk\/da\/index.php?rest_route=%2Fwp%2Fv2%2Fcategories&post=3411"},{"taxonomy":"post_tag","embeddable":true,"href":"https:\/\/emilkirkegaard.dk\/da\/index.php?rest_route=%2Fwp%2Fv2%2Ftags&post=3411"}],"curies":[{"name":"wp","href":"https:\/\/api.w.org\/{rel}","templated":true}]}}