{"id":3425,"date":"2020-02-28T16:08:28","date_gmt":"2020-02-28T15:08:28","guid":{"rendered":"https:\/\/emilkirkegaard.dk\/da\/?p=3425"},"modified":"2020-02-28T16:16:34","modified_gmt":"2020-02-28T15:16:34","slug":"ny-kronik-nar-den-gennemsnitlige-iq-falder-falder-det-faglige-niveau-i-folkeskolen-ogsa-information","status":"publish","type":"post","link":"https:\/\/emilkirkegaard.dk\/da\/?p=3425","title":{"rendered":"Ny kronik:  N\u00e5r den gennemsnitlige IQ falder, falder det faglige niveau i folkeskolen ogs\u00e5 (Information)"},"content":{"rendered":"<p><a href=\"https:\/\/www.information.dk\/debat\/2020\/02\/naar-gennemsnitlige-iq-falder-falder-faglige-niveau-folkeskolen-ogsaa\">Sammen med Helmuth Nyborg i g\u00e5rdagens Information<\/a>.<\/p>\n<blockquote>\n<div class=\"field field-name-field-underrubrik\">Partierne tror, det er strukturelle forhold som klassest\u00f8rrelse og blandet elevsammens\u00e6tning, der kan l\u00f8fte det faglige niveau. Ingen forholder sig til, at ikkevestlig indvandring s\u00e6nker Danmarks gennemsnitlige IQ og dermed tr\u00e6kker fagligheden ned, skriver Helmuth Nyborg og Emil Ole William Kirkegaard i dette debatindl\u00e6g<\/div>\n<\/blockquote>\n<p>Interessant at avisen valgte at bringe den, men de har faktisk af og til bragt ret fornuftige artikler om videnskab som venstrefl\u00f8jen ikke bryder sig om. De skriver selv:<\/p>\n<blockquote>\n<div class=\"styled-box\">\n<div class=\"styled-box-content\">\n<h2>Derfor bringer Information kronikken<\/h2>\n<p>Det er velunderbygget videnskabeligt, at der er en forskel i intelligenskvotient mellem befolkningsgrupper med forskellige etniske baggrunde. Men <em>\u00e5rsagen <\/em>til IQ-forskellene er der uenighed om. Dette indl\u00e6g er udtryk for en af positionerne i denne debat, som Information mener, er af v\u00e6sentlig almen interesse.<\/p>\n<p>Information har tidligere bragt en l\u00e6ngere artikel om forskning i IQ-forskelle, som kan l\u00e6ses <a href=\"https:\/\/www.information.dk\/moti\/2019\/05\/studier-intelligens-race-akademisk-minefelt-svaert-forskere-navigere\">her<\/a>.<\/p>\n<\/div>\n<\/div>\n<\/blockquote>\n<div class=\"styled-box\">\n<p>Ogs\u00e5 ret positivt overrasket over, at de har sat kilder med hyperlinks. I alt god oplevelse.<\/p>\n<p>Omtale af kronikken findes:<\/p>\n<ul>\n<li><a href=\"http:\/\/www.uriasposten.net\/archives\/108461\">\u201cForholdet mellem b\u00f8rn med henholdsvis h\u00f8j og lav IQ bestemmer i al v\u00e6sentlighed klassens.. succes\u201d (Uriasposten)<\/a><\/li>\n<li>Reddit: <a href=\"https:\/\/www.reddit.com\/r\/Denmark\/comments\/fasjzf\/n%C3%A5r_den_gennemsnitlige_iq_falder_falder_det\/\">Denmark<\/a>, <a href=\"https:\/\/www.reddit.com\/r\/scandinavia\/comments\/fa4zxq\/n%C3%A5r_den_gennemsnitlige_iq_falder_falder_det\/\">Scandinavia<\/a><\/li>\n<\/ul>\n<\/div>\n","protected":false},"excerpt":{"rendered":"<p>Sammen med Helmuth Nyborg i g\u00e5rdagens Information. Partierne tror, det er strukturelle forhold som klassest\u00f8rrelse og blandet elevsammens\u00e6tning, der kan l\u00f8fte det faglige niveau. Ingen forholder sig til, at ikkevestlig indvandring s\u00e6nker Danmarks gennemsnitlige IQ og dermed tr\u00e6kker fagligheden ned, skriver Helmuth Nyborg og Emil Ole William Kirkegaard i dette debatindl\u00e6g Interessant at avisen valgte [&hellip;]<\/p>\n","protected":false},"author":4,"featured_media":3426,"comment_status":"closed","ping_status":"closed","sticky":false,"template":"","format":"standard","meta":{"footnotes":""},"categories":[1648,1751],"tags":[1623,567,1809],"class_list":["post-3425","post","type-post","status-publish","format-standard","has-post-thumbnail","hentry","category-demografi","category-indvandring-sociologi","tag-helmuth-nyborg","tag-information","tag-kronik"],"_links":{"self":[{"href":"https:\/\/emilkirkegaard.dk\/da\/index.php?rest_route=\/wp\/v2\/posts\/3425","targetHints":{"allow":["GET"]}}],"collection":[{"href":"https:\/\/emilkirkegaard.dk\/da\/index.php?rest_route=\/wp\/v2\/posts"}],"about":[{"href":"https:\/\/emilkirkegaard.dk\/da\/index.php?rest_route=\/wp\/v2\/types\/post"}],"author":[{"embeddable":true,"href":"https:\/\/emilkirkegaard.dk\/da\/index.php?rest_route=\/wp\/v2\/users\/4"}],"replies":[{"embeddable":true,"href":"https:\/\/emilkirkegaard.dk\/da\/index.php?rest_route=%2Fwp%2Fv2%2Fcomments&post=3425"}],"version-history":[{"count":3,"href":"https:\/\/emilkirkegaard.dk\/da\/index.php?rest_route=\/wp\/v2\/posts\/3425\/revisions"}],"predecessor-version":[{"id":3430,"href":"https:\/\/emilkirkegaard.dk\/da\/index.php?rest_route=\/wp\/v2\/posts\/3425\/revisions\/3430"}],"wp:featuredmedia":[{"embeddable":true,"href":"https:\/\/emilkirkegaard.dk\/da\/index.php?rest_route=\/wp\/v2\/media\/3426"}],"wp:attachment":[{"href":"https:\/\/emilkirkegaard.dk\/da\/index.php?rest_route=%2Fwp%2Fv2%2Fmedia&parent=3425"}],"wp:term":[{"taxonomy":"category","embeddable":true,"href":"https:\/\/emilkirkegaard.dk\/da\/index.php?rest_route=%2Fwp%2Fv2%2Fcategories&post=3425"},{"taxonomy":"post_tag","embeddable":true,"href":"https:\/\/emilkirkegaard.dk\/da\/index.php?rest_route=%2Fwp%2Fv2%2Ftags&post=3425"}],"curies":[{"name":"wp","href":"https:\/\/api.w.org\/{rel}","templated":true}]}}