{"id":3435,"date":"2020-04-02T18:11:02","date_gmt":"2020-04-02T17:11:02","guid":{"rendered":"https:\/\/emilkirkegaard.dk\/da\/?p=3435"},"modified":"2020-04-02T18:11:15","modified_gmt":"2020-04-02T17:11:15","slug":"nyt-papir-ude-are-danes-immigration-policy-preferences-based-on-accurate-stereotypes","status":"publish","type":"post","link":"https:\/\/emilkirkegaard.dk\/da\/?p=3435","title":{"rendered":"Nyt papir ude:  Are Danes\u2019 Immigration Policy Preferences Based on Accurate Stereotypes?"},"content":{"rendered":"<p><a href=\"https:\/\/emilkirkegaard.dk\/en\/?p=8485\">Som allerede n\u00e6vnt p\u00e5 den engelske s\u00f8sterblog<\/a>, s\u00e5 har vi et nyt papir udgivet:<\/p>\n<ul>\n<li>\n<div class=\"gs_citr\" tabindex=\"0\">Kirkegaard, E. O. W., Carl, N., &amp; Bjerrek\u00e6r, J. D. (2020). <a href=\"https:\/\/www.mdpi.com\/2075-4698\/10\/2\/29\">Are Danes\u2019 Immigration Policy Preferences Based on Accurate Stereotypes?<\/a>. <i>Societies<\/i>, <i>10<\/i>(2), 29.<\/div>\n<\/li>\n<\/ul>\n<blockquote><p>Stereotypes about 32 country-of-origin groups were measured using an online survey of the adult, non-elderly Danish population (<span class=\"html-italic\">n<\/span> = 476 after quality control). Participants were asked to estimate each group\u2019s net fiscal contribution in Denmark. These estimates were then compared to the actual net fiscal contributions for the 32 groups, taken from a report by the Danish Ministry of Finance. Stereotypes were found to be highly accurate, both at the aggregate level (<span class=\"html-italic\">r<\/span> = 0.81) and at the individual level (median <span class=\"html-italic\">r<\/span> = 0.62). Interestingly, participants over- rather than underestimated the net fiscal contributions of groups from countries with a higher percentage of Muslims. Indeed, this was true at both the aggregate and individual levels (<span class=\"html-italic\">r<\/span> = \u22120.25 and median <span class=\"html-italic\">r<\/span> = \u22120.49, respectively). Participants were also asked to say how many immigrants from each group should be admitted to Denmark. There was a very strong correlation between participants\u2019 aggregate immigration policy preferences and their estimates of the 32 groups\u2019 fiscal contributions (<span class=\"html-italic\">r<\/span> = 0.98), suggesting that their preferences partly reflect accurate stereotypes. Most of the analyses were pre-registered.<\/p><\/blockquote>\n<p>Vi forts\u00e6tter alts\u00e5 festen med politisk ukorrekt stereotypforskning, og med fokus p\u00e5 danske data.<\/p>\n<p>Siden at vi naturligvis ikke modtager nogen form for st\u00f8tte af universiteter eller fonde, s\u00e5 er vi afh\u00e6ngige af donationer. <a href=\"https:\/\/emilkirkegaard.dk\/en\/?page_id=8176\">Du kan give dit bidrag her.<\/a> Hvis du vil give et st\u00f8rre bel\u00f8b, s\u00e5 skriv en email til mig (emil@emilkirkegaard.dk).<\/p>\n<h3>Videopr\u00e6sentation<\/h3>\n<p>Jeg har ogs\u00e5 lavet denne engelsksprogede videogennemgang:<\/p>\n<p><iframe loading=\"lazy\" title=\"Are Danes\u2019 Immigration Policy Preferences Based on Accurate Stereotypes?\" src=\"https:\/\/www.youtube.com\/embed\/8eUoMQq4YpA?feature=oembed\" width=\"660\" height=\"371\" frameborder=\"0\" allowfullscreen=\"allowfullscreen\" data-mce-fragment=\"1\"><\/iframe><\/p>\n","protected":false},"excerpt":{"rendered":"<p>Som allerede n\u00e6vnt p\u00e5 den engelske s\u00f8sterblog, s\u00e5 har vi et nyt papir udgivet: Kirkegaard, E. O. W., Carl, N., &amp; Bjerrek\u00e6r, J. D. (2020). Are Danes\u2019 Immigration Policy Preferences Based on Accurate Stereotypes?. Societies, 10(2), 29. Stereotypes about 32 country-of-origin groups were measured using an online survey of the adult, non-elderly Danish population (n [&hellip;]<\/p>\n","protected":false},"author":4,"featured_media":0,"comment_status":"closed","ping_status":"closed","sticky":false,"template":"","format":"standard","meta":{"footnotes":""},"categories":[1751,1810],"tags":[],"class_list":["post-3435","post","type-post","status-publish","format-standard","hentry","category-indvandring-sociologi","category-socialpsykologi"],"_links":{"self":[{"href":"https:\/\/emilkirkegaard.dk\/da\/index.php?rest_route=\/wp\/v2\/posts\/3435","targetHints":{"allow":["GET"]}}],"collection":[{"href":"https:\/\/emilkirkegaard.dk\/da\/index.php?rest_route=\/wp\/v2\/posts"}],"about":[{"href":"https:\/\/emilkirkegaard.dk\/da\/index.php?rest_route=\/wp\/v2\/types\/post"}],"author":[{"embeddable":true,"href":"https:\/\/emilkirkegaard.dk\/da\/index.php?rest_route=\/wp\/v2\/users\/4"}],"replies":[{"embeddable":true,"href":"https:\/\/emilkirkegaard.dk\/da\/index.php?rest_route=%2Fwp%2Fv2%2Fcomments&post=3435"}],"version-history":[{"count":2,"href":"https:\/\/emilkirkegaard.dk\/da\/index.php?rest_route=\/wp\/v2\/posts\/3435\/revisions"}],"predecessor-version":[{"id":3437,"href":"https:\/\/emilkirkegaard.dk\/da\/index.php?rest_route=\/wp\/v2\/posts\/3435\/revisions\/3437"}],"wp:attachment":[{"href":"https:\/\/emilkirkegaard.dk\/da\/index.php?rest_route=%2Fwp%2Fv2%2Fmedia&parent=3435"}],"wp:term":[{"taxonomy":"category","embeddable":true,"href":"https:\/\/emilkirkegaard.dk\/da\/index.php?rest_route=%2Fwp%2Fv2%2Fcategories&post=3435"},{"taxonomy":"post_tag","embeddable":true,"href":"https:\/\/emilkirkegaard.dk\/da\/index.php?rest_route=%2Fwp%2Fv2%2Ftags&post=3435"}],"curies":[{"name":"wp","href":"https:\/\/api.w.org\/{rel}","templated":true}]}}