{"id":3455,"date":"2020-11-04T23:57:49","date_gmt":"2020-11-04T22:57:49","guid":{"rendered":"https:\/\/emilkirkegaard.dk\/da\/?p=3455"},"modified":"2020-11-04T23:57:49","modified_gmt":"2020-11-04T22:57:49","slug":"hvad-sagde-folk-om-indvandring-foer-i-tiden-en-citatsamling","status":"publish","type":"post","link":"https:\/\/emilkirkegaard.dk\/da\/?p=3455","title":{"rendered":"Hvad sagde folk om indvandring f\u00f8r i tiden? En citatsamling"},"content":{"rendered":"<p>For nogle \u00e5r siden st\u00f8dte jeg p\u00e5 denne citatsamling om indvandring m.v. af <a href=\"https:\/\/da.wikipedia.org\/wiki\/Ole_Hasselbalch\">Ole Hasselbalch<\/a>. Den er ret ukendt, og g\u00e5r m\u00e5ske tabt da Ole d\u00f8de i 2019 og hans hjemmeside allerede er v\u00e6k (men dog arkiveret). Jeg bringer derfor et udpluk af citater her, samt en kopi. Det er temmelig sv\u00e6rt at l\u00e6se disse ting uden at blive noget sur. <strong>Konklusionen at n\u00e5r eliten er r\u00e5dden, s\u00e5 r\u00e5dner landet f\u00f8r eller siden.<\/strong> (<a href=\"https:\/\/www.sciencedirect.com\/science\/article\/abs\/pii\/S0160289617302787\">The rot starts at the top<\/a>.)<\/p>\n<ul>\n<li><a href=\"https:\/\/emilkirkegaard.dk\/da\/?attachment_id=3456\">\u201dDen store hukommelse!\u201d<\/a><\/li>\n<\/ul>\n<p>Der er desv\u00e6rre ingen pr\u00e6cise kildehenvisninger p\u00e5. Jeg g\u00e5r ud fra at han har samlet dem i et lokalt dokument baseret p\u00e5 l\u00e6sning af de originale papirkilder.<\/p>\n<hr \/>\n<div class=\"kvgmc6g5 cxmmr5t8 oygrvhab hcukyx3x c1et5uql ii04i59q\">\n<ul>\n<li dir=\"auto\">\u201dDanskerne m\u00e5 v\u00e5gne op og v\u00e6nne sig til de fremmede. (Uffe Ellemann-Jensen, Berlingske Tidende 29.7.1985).<\/li>\n<li dir=\"auto\">\u201dJeg tror ikke, at der er mange \u2013om nogen overhovedet \u2013som kunne t\u00e6nke sig at omdanne Danmark til et multietnisk samfund.Jeg \u00f8nsker det ikke. Men ved at oppiske et kunstigt og overdrevent skr\u00e6mmebillede kan man medvirke til at oppiske en frygt og lukkethed over for andre, som dybest set rummer en st\u00f8rre trussel mod danskheden end p\u00e5virkninger udefra\u201d. (Uffe Ellemann-Jensen (Venstre), Politiken 1\/7 1994).<\/li>\n<\/ul>\n<\/div>\n<div class=\"o9v6fnle cxmmr5t8 oygrvhab hcukyx3x c1et5uql ii04i59q\">\n<div dir=\"auto\">Det er ham der fra Venstre I ved, hans s\u00f8n som vi nu skal d\u00f8je med i et par \u00e5rtier. Det bliver sikkert lige s\u00e5 god en succes som hans far. \ud83e\udd21<\/div>\n<\/div>\n<div class=\"o9v6fnle cxmmr5t8 oygrvhab hcukyx3x c1et5uql ii04i59q\">\n<ul>\n<li dir=\"auto\">\u201dT\u00e6nk p\u00e5, hvad vi kan l\u00e6re af muslimerne, jeg synes, at vi skal lade verdens flygtninge v\u00e6lte ind over vore gr\u00e6nser, og labbe al deres kultur i os\u201d. (Gregers Dirckinck-Holmfeld, TV-v\u00e6rt, Ekstra Bladet 3.10.1986 og fra TV-showet \u201dFlygtning 1986).<\/li>\n<\/ul>\n<\/div>\n<div class=\"o9v6fnle cxmmr5t8 oygrvhab hcukyx3x c1et5uql ii04i59q\">\n<ul>\n<li dir=\"auto\">\u201dUanset hvor mange stramninger, vi laver for at bremse str\u00f8mmen, s\u00e5 kan ingen modificere folkevandringens realitet&#8230;Jeg tillader mig at s\u00e6tte sp\u00f8rgsm\u00e5lstegn ved, om det (Danmark) overhovedet er vores&#8230;Man kan ikke eje et land, og slet ikke Danmark.\u201d (Suzanne Br\u00f8gger, forfatter, B. T. 21.3.1990)<\/li>\n<\/ul>\n<\/div>\n<div class=\"o9v6fnle cxmmr5t8 oygrvhab hcukyx3x c1et5uql ii04i59q\">\n<ul>\n<li dir=\"auto\">\u201dMen faktum er jo, at indvandrere og flygtninge er med til at berige den danske kultur, og ikke, som nogle mener, dominere den og s\u00e6tter sig p\u00e5 den\u201d. (Ritt Bjerregaard (Socialdemokrat), Jyllands-Posten 27\/10 1991).<\/li>\n<\/ul>\n<\/div>\n<div class=\"o9v6fnle cxmmr5t8 oygrvhab hcukyx3x c1et5uql ii04i59q\">\n<ul>\n<li dir=\"auto\">\u201dVi br\u00e6kker os over det fascistoide Danmark, danskere, danskhed og danske v\u00e6rdier. Vi gider ikke br\u00e6kke os mere, vi smadrer noget i stedet.\u201d (Damer mod Danskheden i aktionserkl\u00e6ring, sommeren 2003, Politiken 3.7.2005). Den venstreorienterede gruppe \u2019Damer mod Danskhed\u2019 smadrede i perioden 29. juni til 3. juli facaderuder hos Danske Bank, Dansk Folkeferie, Dansk Camping Union, Dansk Handel &amp; Service samt Realkredit Danmark, alene p\u00e5 grund af ordet dansk eller Danmark. <a href=\"https:\/\/jyllands-posten.dk\/gamletillaeg\/kbh\/ECE3717965\/Kvinder-bag-politisk-h%C3%A6rv%C3%A6rk\/\">Omtales senere fx i JP.<\/a><\/li>\n<\/ul>\n<\/div>\n<div class=\"o9v6fnle cxmmr5t8 oygrvhab hcukyx3x c1et5uql ii04i59q\">\n<ul>\n<li dir=\"auto\">\u201dDanskernes ry som racister er fortjent. Folk er s\u00e5 uopdragne &#8230;. Og nu har det udviklet sig, s\u00e5 vi har en tone i debatten, jeg er flov over. Det er flere \u00e5r siden, jeg har v\u00e6ret stolt over at komme fra Danmark. Vi er efterh\u00e5nden blevet kendt som en racistisk nation.\u201d (S\u00f8s Egelind, skuespillerinde, Jyllands Posten, 5.5.2006.)<\/li>\n<\/ul>\n<\/div>\n","protected":false},"excerpt":{"rendered":"<p>For nogle \u00e5r siden st\u00f8dte jeg p\u00e5 denne citatsamling om indvandring m.v. af Ole Hasselbalch. Den er ret ukendt, og g\u00e5r m\u00e5ske tabt da Ole d\u00f8de i 2019 og hans hjemmeside allerede er v\u00e6k (men dog arkiveret). Jeg bringer derfor et udpluk af citater her, samt en kopi. Det er temmelig sv\u00e6rt at l\u00e6se disse [&hellip;]<\/p>\n","protected":false},"author":4,"featured_media":0,"comment_status":"closed","ping_status":"closed","sticky":false,"template":"","format":"standard","meta":{"footnotes":""},"categories":[1695],"tags":[1814],"class_list":["post-3455","post","type-post","status-publish","format-standard","hentry","category-indvandring","tag-citater"],"_links":{"self":[{"href":"https:\/\/emilkirkegaard.dk\/da\/index.php?rest_route=\/wp\/v2\/posts\/3455","targetHints":{"allow":["GET"]}}],"collection":[{"href":"https:\/\/emilkirkegaard.dk\/da\/index.php?rest_route=\/wp\/v2\/posts"}],"about":[{"href":"https:\/\/emilkirkegaard.dk\/da\/index.php?rest_route=\/wp\/v2\/types\/post"}],"author":[{"embeddable":true,"href":"https:\/\/emilkirkegaard.dk\/da\/index.php?rest_route=\/wp\/v2\/users\/4"}],"replies":[{"embeddable":true,"href":"https:\/\/emilkirkegaard.dk\/da\/index.php?rest_route=%2Fwp%2Fv2%2Fcomments&post=3455"}],"version-history":[{"count":1,"href":"https:\/\/emilkirkegaard.dk\/da\/index.php?rest_route=\/wp\/v2\/posts\/3455\/revisions"}],"predecessor-version":[{"id":3457,"href":"https:\/\/emilkirkegaard.dk\/da\/index.php?rest_route=\/wp\/v2\/posts\/3455\/revisions\/3457"}],"wp:attachment":[{"href":"https:\/\/emilkirkegaard.dk\/da\/index.php?rest_route=%2Fwp%2Fv2%2Fmedia&parent=3455"}],"wp:term":[{"taxonomy":"category","embeddable":true,"href":"https:\/\/emilkirkegaard.dk\/da\/index.php?rest_route=%2Fwp%2Fv2%2Fcategories&post=3455"},{"taxonomy":"post_tag","embeddable":true,"href":"https:\/\/emilkirkegaard.dk\/da\/index.php?rest_route=%2Fwp%2Fv2%2Ftags&post=3455"}],"curies":[{"name":"wp","href":"https:\/\/api.w.org\/{rel}","templated":true}]}}