{"id":395,"date":"2008-07-31T01:34:31","date_gmt":"2008-07-30T23:34:31","guid":{"rendered":"http:\/\/deleet.dk\/?p=395"},"modified":"2008-07-31T01:34:31","modified_gmt":"2008-07-30T23:34:31","slug":"finurlige-udtryk","status":"publish","type":"post","link":"https:\/\/emilkirkegaard.dk\/da\/?p=395","title":{"rendered":"Finurlige udtryk"},"content":{"rendered":"<p>&#8220;<strong>New hair \/ nyt h\u00e5r&#8221;<\/strong><\/p>\n<p>Anvendes n\u00e5r nogen har \u00e6ndret frisure. Men de fleste gange man \u00e6ndrer frisure, s\u00e5 best\u00e5r det i at fjerne noget af det gamle h\u00e5r og ikke tilf\u00f8je noget nyt h\u00e5r, som udtrykket prima facie betyder. Redningen ligger i at udtrykket m\u00e5ske udtrykker sig om gennemsnitsalderen p\u00e5 ens h\u00e5r, som er faldet hvis man har klippet noget gammelt h\u00e5r af. Det gamle h\u00e5r sidder l\u00e6ngst fra hovedet er bliver oftest klippet af f\u00f8rst. S\u00e5ledes er h\u00e5ret gennemsnitligt blevet yngre.<\/p>\n<p>&#8220;<strong>Det t\u00e6ller ikke&#8221;<\/strong><\/p>\n<p>Typisk brugt hvis man ikke f\u00f8ler at man skulle tabe i et eller andet. Men hvad er det helt pr\u00e6cis der ikke t\u00e6ller? Hvis jeg bliver bedt om at vaske op og jeg f\u00e5r hj\u00e6lp af en anden, s\u00e5 kunne min mor sige, at det ikke talte. Talte i hvilken sum? Det er som om, at min handling var en addition til et eller andet tal, som alligevel ikke <em>talte<\/em>.<\/p>\n","protected":false},"excerpt":{"rendered":"<p>&#8220;New hair \/ nyt h\u00e5r&#8221; Anvendes n\u00e5r nogen har \u00e6ndret frisure. Men de fleste gange man \u00e6ndrer frisure, s\u00e5 best\u00e5r det i at fjerne noget af det gamle h\u00e5r og ikke tilf\u00f8je noget nyt h\u00e5r, som udtrykket prima facie betyder. Redningen ligger i at udtrykket m\u00e5ske udtrykker sig om gennemsnitsalderen p\u00e5 ens h\u00e5r, som er [&hellip;]<\/p>\n","protected":false},"author":4,"featured_media":0,"comment_status":"open","ping_status":"open","sticky":false,"template":"","format":"standard","meta":{"footnotes":""},"categories":[9],"tags":[1776,1330],"class_list":["post-395","post","type-post","status-publish","format-standard","hentry","category-humor","tag-sprog","tag-udtryk"],"_links":{"self":[{"href":"https:\/\/emilkirkegaard.dk\/da\/index.php?rest_route=\/wp\/v2\/posts\/395","targetHints":{"allow":["GET"]}}],"collection":[{"href":"https:\/\/emilkirkegaard.dk\/da\/index.php?rest_route=\/wp\/v2\/posts"}],"about":[{"href":"https:\/\/emilkirkegaard.dk\/da\/index.php?rest_route=\/wp\/v2\/types\/post"}],"author":[{"embeddable":true,"href":"https:\/\/emilkirkegaard.dk\/da\/index.php?rest_route=\/wp\/v2\/users\/4"}],"replies":[{"embeddable":true,"href":"https:\/\/emilkirkegaard.dk\/da\/index.php?rest_route=%2Fwp%2Fv2%2Fcomments&post=395"}],"version-history":[{"count":0,"href":"https:\/\/emilkirkegaard.dk\/da\/index.php?rest_route=\/wp\/v2\/posts\/395\/revisions"}],"wp:attachment":[{"href":"https:\/\/emilkirkegaard.dk\/da\/index.php?rest_route=%2Fwp%2Fv2%2Fmedia&parent=395"}],"wp:term":[{"taxonomy":"category","embeddable":true,"href":"https:\/\/emilkirkegaard.dk\/da\/index.php?rest_route=%2Fwp%2Fv2%2Fcategories&post=395"},{"taxonomy":"post_tag","embeddable":true,"href":"https:\/\/emilkirkegaard.dk\/da\/index.php?rest_route=%2Fwp%2Fv2%2Ftags&post=395"}],"curies":[{"name":"wp","href":"https:\/\/api.w.org\/{rel}","templated":true}]}}