{"id":440,"date":"2008-08-25T20:58:58","date_gmt":"2008-08-25T18:58:58","guid":{"rendered":"http:\/\/deleet.dk\/?p=440"},"modified":"2008-08-25T20:58:58","modified_gmt":"2008-08-25T18:58:58","slug":"om-begrundede-subjektive-holdninger","status":"publish","type":"post","link":"https:\/\/emilkirkegaard.dk\/da\/?p=440","title":{"rendered":"Om begrundede subjektive holdninger"},"content":{"rendered":"<p>Givet evidentialisme i en generel form.<\/p>\n<p>Kan subjektive holdninger begrundes?<\/p>\n<p>Hvad er en subjektiv holdning?<\/p>\n<p>Subjektiv defineres som sinds-uafh\u00e6ngigt. Men alle holdninger er i et sind og kan ikke v\u00e6re udenfor et sind. Med den forst\u00e5else, s\u00e5 er alle holdninger subjektive. Men det er ikke det man normalt mener med en subjektiv holdning.<\/p>\n<p>M\u00e5ske menes der en holdning om noget, hvis sandhed afh\u00e6nger af et subjekt; hvis sandhed er subjektiv. Men hvordan kan sandheden af noget v\u00e6re subjektivt? Lad os se p\u00e5 en udtalelse som n\u00e6sten alle ville v\u00e6re enige om er af subjektiv karakter:<\/p>\n<p>S. Jeg kan godt lide spaghetti.<\/p>\n<p>Alt efter hvem der mener det, s\u00e5 skifter &#8216;jeg&#8217; betydning, og i den forstand er det subjektivt. I kontrast ville s\u00e6tningen:<\/p>\n<p>Q: Emil kan godt lide spaghetti.<\/p>\n<p>V\u00e6re af objektiv karakter, thi den er ikke relativ efter hvem der t\u00e6nker p\u00e5 den; hvem der har holdningen. Vi vender tilbage til hovedsp\u00f8rgsm\u00e5let. Jeg tror, at vi har beg\u00e5et en fejl ved analysen af hvad en subjektiv holdning er, vi har overset en anden relevant betydning.<\/p>\n<p>Vi kan se betydningen ved at stille et mere pr\u00e6cists sp\u00f8rgsm\u00e5l. Er jeg begrundet i min tro p\u00e5 at kunne lide spaghetti? Jeg kan ikke prima facie komme p\u00e5 nogen blot principiel mulighed for at begrunde et s\u00e5dant udsagn. Hvis det ikke er begrundet, s\u00e5 m\u00e5 det v\u00e6re ubegrundet. Dette medf\u00f8rer dog nogle dybdeg\u00e5ende konsekvenser.<\/p>\n<p>Som eksempel kan vi se p\u00e5 politik, mere specifikt liberalisme. Liberalismens k\u00e6rnev\u00e6rdi er frihed. Men her st\u00f8der man p\u00e5 problemet. Hvorfor? Der ser ikke ud til at v\u00e6re nogen ikke sp\u00f8rgsm\u00e5lstiggende begrundelse.<a name=\"sdfootnote1anc\" href=\"#sdfootnote1sym\"><sup>1<\/sup><\/a> At kunne lide frihed er dermed ikke begrundet, dette medf\u00f8rer at alle tanker som bygger videre p\u00e5 at frihed er godt; frihed er \u00f8nskeligt har et ubegrundet pr\u00e6mis. Politik er blevet subjektivt.<\/p>\n<p><a name=\"sdfootnote1sym\" href=\"#sdfootnote1anc\">1<\/a>Begging \tthe question oversat. M\u00e5ske skulle jeg bruge latin betegnelsen \ti fremtiden for at mindske forvirring.<\/p>\n","protected":false},"excerpt":{"rendered":"<p>Givet evidentialisme i en generel form. Kan subjektive holdninger begrundes? Hvad er en subjektiv holdning? Subjektiv defineres som sinds-uafh\u00e6ngigt. Men alle holdninger er i et sind og kan ikke v\u00e6re udenfor et sind. Med den forst\u00e5else, s\u00e5 er alle holdninger subjektive. Men det er ikke det man normalt mener med en subjektiv holdning. M\u00e5ske menes [&hellip;]<\/p>\n","protected":false},"author":4,"featured_media":0,"comment_status":"open","ping_status":"open","sticky":false,"template":"","format":"standard","meta":{"footnotes":""},"categories":[27,12],"tags":[138,1229],"class_list":["post-440","post","type-post","status-publish","format-standard","hentry","category-epistemologi","category-memetik","tag-begrundelse","tag-subjektive-holdninger"],"_links":{"self":[{"href":"https:\/\/emilkirkegaard.dk\/da\/index.php?rest_route=\/wp\/v2\/posts\/440","targetHints":{"allow":["GET"]}}],"collection":[{"href":"https:\/\/emilkirkegaard.dk\/da\/index.php?rest_route=\/wp\/v2\/posts"}],"about":[{"href":"https:\/\/emilkirkegaard.dk\/da\/index.php?rest_route=\/wp\/v2\/types\/post"}],"author":[{"embeddable":true,"href":"https:\/\/emilkirkegaard.dk\/da\/index.php?rest_route=\/wp\/v2\/users\/4"}],"replies":[{"embeddable":true,"href":"https:\/\/emilkirkegaard.dk\/da\/index.php?rest_route=%2Fwp%2Fv2%2Fcomments&post=440"}],"version-history":[{"count":0,"href":"https:\/\/emilkirkegaard.dk\/da\/index.php?rest_route=\/wp\/v2\/posts\/440\/revisions"}],"wp:attachment":[{"href":"https:\/\/emilkirkegaard.dk\/da\/index.php?rest_route=%2Fwp%2Fv2%2Fmedia&parent=440"}],"wp:term":[{"taxonomy":"category","embeddable":true,"href":"https:\/\/emilkirkegaard.dk\/da\/index.php?rest_route=%2Fwp%2Fv2%2Fcategories&post=440"},{"taxonomy":"post_tag","embeddable":true,"href":"https:\/\/emilkirkegaard.dk\/da\/index.php?rest_route=%2Fwp%2Fv2%2Ftags&post=440"}],"curies":[{"name":"wp","href":"https:\/\/api.w.org\/{rel}","templated":true}]}}