{"id":441,"date":"2008-08-25T21:27:58","date_gmt":"2008-08-25T19:27:58","guid":{"rendered":"http:\/\/deleet.dk\/?p=441"},"modified":"2008-08-25T21:27:58","modified_gmt":"2008-08-25T19:27:58","slug":"sprog-eller-tankefejl","status":"publish","type":"post","link":"https:\/\/emilkirkegaard.dk\/da\/?p=441","title":{"rendered":"Sprog eller tankefejl"},"content":{"rendered":"<p>Hvis man diskuterer en p\u00e5st\u00e5et grund til at tro p\u00e5 p, og finder at grunden er d\u00e5rlig, s\u00e5 konkluderer man ofte at der ingen grund er til at tro p\u00e5 p, men<\/p>\n<p>Det er en non-sequitur. Man kan kun konkludere at det man diskuterede ikke giver grund til at tro p\u00e5 p.<\/p>\n","protected":false},"excerpt":{"rendered":"<p>Hvis man diskuterer en p\u00e5st\u00e5et grund til at tro p\u00e5 p, og finder at grunden er d\u00e5rlig, s\u00e5 konkluderer man ofte at der ingen grund er til at tro p\u00e5 p, men Det er en non-sequitur. Man kan kun konkludere at det man diskuterede ikke giver grund til at tro p\u00e5 p.<\/p>\n","protected":false},"author":4,"featured_media":0,"comment_status":"open","ping_status":"open","sticky":false,"template":"","format":"standard","meta":{"footnotes":""},"categories":[22],"tags":[],"class_list":["post-441","post","type-post","status-publish","format-standard","hentry","category-sprog-filosofi"],"_links":{"self":[{"href":"https:\/\/emilkirkegaard.dk\/da\/index.php?rest_route=\/wp\/v2\/posts\/441","targetHints":{"allow":["GET"]}}],"collection":[{"href":"https:\/\/emilkirkegaard.dk\/da\/index.php?rest_route=\/wp\/v2\/posts"}],"about":[{"href":"https:\/\/emilkirkegaard.dk\/da\/index.php?rest_route=\/wp\/v2\/types\/post"}],"author":[{"embeddable":true,"href":"https:\/\/emilkirkegaard.dk\/da\/index.php?rest_route=\/wp\/v2\/users\/4"}],"replies":[{"embeddable":true,"href":"https:\/\/emilkirkegaard.dk\/da\/index.php?rest_route=%2Fwp%2Fv2%2Fcomments&post=441"}],"version-history":[{"count":0,"href":"https:\/\/emilkirkegaard.dk\/da\/index.php?rest_route=\/wp\/v2\/posts\/441\/revisions"}],"wp:attachment":[{"href":"https:\/\/emilkirkegaard.dk\/da\/index.php?rest_route=%2Fwp%2Fv2%2Fmedia&parent=441"}],"wp:term":[{"taxonomy":"category","embeddable":true,"href":"https:\/\/emilkirkegaard.dk\/da\/index.php?rest_route=%2Fwp%2Fv2%2Fcategories&post=441"},{"taxonomy":"post_tag","embeddable":true,"href":"https:\/\/emilkirkegaard.dk\/da\/index.php?rest_route=%2Fwp%2Fv2%2Ftags&post=441"}],"curies":[{"name":"wp","href":"https:\/\/api.w.org\/{rel}","templated":true}]}}