{"id":476,"date":"2008-09-04T18:42:49","date_gmt":"2008-09-04T16:42:49","guid":{"rendered":"http:\/\/deleet.dk\/?p=476"},"modified":"2008-09-04T18:42:49","modified_gmt":"2008-09-04T16:42:49","slug":"danmark-flaget-og-f%c3%b8dselsdage","status":"publish","type":"post","link":"https:\/\/emilkirkegaard.dk\/da\/?p=476","title":{"rendered":"Danmark, flaget og f\u00f8dselsdage"},"content":{"rendered":"<p>Danmark er m\u00e5ske ikke noget nationalistisk land, hvis man ser bort fra den yderste h\u00f8jrefl\u00f8j dvs. <em>Dansk<\/em> Folkeparti. Men alligevel har vi beholdt nogle traditioner siden engang, m\u00e5ske romantikken, som er decideret nationalistiske. Et eksempel som jeg kom til at t\u00e6nke over her den anden dag er f\u00f8dselsdagen.<\/p>\n<p>Det skyldes at jeg var til en fest I K\u00f8benhavn&#8211;ikke at placeringen har noget at sige, s\u00e5 vidt jeg ved&#8211;hvor der stod flag ud til vejen. Dette er ganske normalt. Men hvorfor er det helt pr\u00e6cist at man viser flaget n\u00e5r man har f\u00f8dselsdag? Hvis flaget bruges for at \u00e6re landet, hvorfor \u00e6res landet s\u00e5, n\u00e5r en bestemt borger burde \u00e6res?<\/p>\n<p>Kort sagt: Hvad i alverden har f\u00f8dselsdage med Danmark at g\u00f8re?<\/p>\n<p>Det er m\u00e5ske en sag for memetik at svare p\u00e5&#8230;<\/p>\n","protected":false},"excerpt":{"rendered":"<p>Danmark er m\u00e5ske ikke noget nationalistisk land, hvis man ser bort fra den yderste h\u00f8jrefl\u00f8j dvs. Dansk Folkeparti. Men alligevel har vi beholdt nogle traditioner siden engang, m\u00e5ske romantikken, som er decideret nationalistiske. Et eksempel som jeg kom til at t\u00e6nke over her den anden dag er f\u00f8dselsdagen. Det skyldes at jeg var til en [&hellip;]<\/p>\n","protected":false},"author":4,"featured_media":0,"comment_status":"open","ping_status":"open","sticky":false,"template":"","format":"standard","meta":{"footnotes":""},"categories":[12,17],"tags":[238,412,824],"class_list":["post-476","post","type-post","status-publish","format-standard","hentry","category-memetik","category-politik","tag-dannebrog","tag-flag","tag-nationalisme"],"_links":{"self":[{"href":"https:\/\/emilkirkegaard.dk\/da\/index.php?rest_route=\/wp\/v2\/posts\/476","targetHints":{"allow":["GET"]}}],"collection":[{"href":"https:\/\/emilkirkegaard.dk\/da\/index.php?rest_route=\/wp\/v2\/posts"}],"about":[{"href":"https:\/\/emilkirkegaard.dk\/da\/index.php?rest_route=\/wp\/v2\/types\/post"}],"author":[{"embeddable":true,"href":"https:\/\/emilkirkegaard.dk\/da\/index.php?rest_route=\/wp\/v2\/users\/4"}],"replies":[{"embeddable":true,"href":"https:\/\/emilkirkegaard.dk\/da\/index.php?rest_route=%2Fwp%2Fv2%2Fcomments&post=476"}],"version-history":[{"count":0,"href":"https:\/\/emilkirkegaard.dk\/da\/index.php?rest_route=\/wp\/v2\/posts\/476\/revisions"}],"wp:attachment":[{"href":"https:\/\/emilkirkegaard.dk\/da\/index.php?rest_route=%2Fwp%2Fv2%2Fmedia&parent=476"}],"wp:term":[{"taxonomy":"category","embeddable":true,"href":"https:\/\/emilkirkegaard.dk\/da\/index.php?rest_route=%2Fwp%2Fv2%2Fcategories&post=476"},{"taxonomy":"post_tag","embeddable":true,"href":"https:\/\/emilkirkegaard.dk\/da\/index.php?rest_route=%2Fwp%2Fv2%2Ftags&post=476"}],"curies":[{"name":"wp","href":"https:\/\/api.w.org\/{rel}","templated":true}]}}