{"id":500,"date":"2008-09-10T18:01:04","date_gmt":"2008-09-10T16:01:04","guid":{"rendered":"http:\/\/deleet.dk\/?p=500"},"modified":"2008-09-10T18:01:04","modified_gmt":"2008-09-10T16:01:04","slug":"m%c3%a6nd-filosofi-og-facebook-en-unders%c3%b8gelse-2","status":"publish","type":"post","link":"https:\/\/emilkirkegaard.dk\/da\/?p=500","title":{"rendered":"M\u00e6nd, filosofi og Facebook &#8211; en unders\u00f8gelse 2"},"content":{"rendered":"<p>Jeg fortalte min danskl\u00e6rer om unders\u00f8gelsen. Faktisk s\u00e5 fortalte jeg den for klassen. Jeg spurgte derefter om hvor mange hunk\u00f8n hun g\u00e6ttede p\u00e5, som havde filosofi som interesse p\u00e5 Facebook. Hun svarede &#8220;over halvdelen&#8221;, og s\u00e5 ud til at v\u00e6re skuffet da jeg sagde at tallet var 6% (3 af 50). Det faktum forklarede hun med en variation af social-faktor teorien. Denne gang ikke med den forklaring at kvinder ikke havde tid eller uddannelse til at studere filosofi, til at kvinder ser det som d\u00e5rlig markedsf\u00f8ring og derfor ikke reklamerer med at de har interesse for filosofi p\u00e5 Facebook.<\/p>\n<p>Denne forklaring har den antagelse, at kvinder med interesse i filosofi har overvejet markedsf\u00f8ringsfordelene ved ikke at skrive om det. Dette er plausibelt, da filosofi interesserede h\u00f8rer til de mere t\u00e6nkende mennesker.<\/p>\n<p>Den har ogs\u00e5 den antagelse, at kvinderne derfra er n\u00e5et til den konklusion, at det vil v\u00e6re bedst at gemme filosofien v\u00e6k for at kontakte m\u00e6nd p\u00e5 Facebook. Dette er ikke plausibelt. Mere t\u00e6nkende mennesker st\u00e5r oftest fast ved deres holdninger og vil ikke gemme dem. Det bliver mere usandsynligt jo flere kvinder der angiveligt har gemt interessen.<\/p>\n<p>For at sikre resultaterne beder jeg jer teste det ved selv at foretage en s\u00f8gning p\u00e5 Facebook med &#8220;philosophy&#8221; som interesse. Skriv da til mig hvor mange hunk\u00f8n I fandt ud af de 50 f\u00f8rste personer p\u00e5 listen.<\/p>\n<p>Jeg vil selv fors\u00f8ge at unders\u00f8ge det ved at se p\u00e5 tal fra undervisningsministeriet (uvm.dk).<\/p>\n","protected":false},"excerpt":{"rendered":"<p>Jeg fortalte min danskl\u00e6rer om unders\u00f8gelsen. Faktisk s\u00e5 fortalte jeg den for klassen. Jeg spurgte derefter om hvor mange hunk\u00f8n hun g\u00e6ttede p\u00e5, som havde filosofi som interesse p\u00e5 Facebook. Hun svarede &#8220;over halvdelen&#8221;, og s\u00e5 ud til at v\u00e6re skuffet da jeg sagde at tallet var 6% (3 af 50). Det faktum forklarede hun [&hellip;]<\/p>\n","protected":false},"author":4,"featured_media":0,"comment_status":"open","ping_status":"open","sticky":false,"template":"","format":"standard","meta":{"footnotes":""},"categories":[8,33],"tags":[1757,682,677,822],"class_list":["post-500","post","type-post","status-publish","format-standard","hentry","category-filosofi","category-psykologi","tag-filosofi","tag-kn","tag-kvinder","tag-mnd"],"_links":{"self":[{"href":"https:\/\/emilkirkegaard.dk\/da\/index.php?rest_route=\/wp\/v2\/posts\/500","targetHints":{"allow":["GET"]}}],"collection":[{"href":"https:\/\/emilkirkegaard.dk\/da\/index.php?rest_route=\/wp\/v2\/posts"}],"about":[{"href":"https:\/\/emilkirkegaard.dk\/da\/index.php?rest_route=\/wp\/v2\/types\/post"}],"author":[{"embeddable":true,"href":"https:\/\/emilkirkegaard.dk\/da\/index.php?rest_route=\/wp\/v2\/users\/4"}],"replies":[{"embeddable":true,"href":"https:\/\/emilkirkegaard.dk\/da\/index.php?rest_route=%2Fwp%2Fv2%2Fcomments&post=500"}],"version-history":[{"count":0,"href":"https:\/\/emilkirkegaard.dk\/da\/index.php?rest_route=\/wp\/v2\/posts\/500\/revisions"}],"wp:attachment":[{"href":"https:\/\/emilkirkegaard.dk\/da\/index.php?rest_route=%2Fwp%2Fv2%2Fmedia&parent=500"}],"wp:term":[{"taxonomy":"category","embeddable":true,"href":"https:\/\/emilkirkegaard.dk\/da\/index.php?rest_route=%2Fwp%2Fv2%2Fcategories&post=500"},{"taxonomy":"post_tag","embeddable":true,"href":"https:\/\/emilkirkegaard.dk\/da\/index.php?rest_route=%2Fwp%2Fv2%2Ftags&post=500"}],"curies":[{"name":"wp","href":"https:\/\/api.w.org\/{rel}","templated":true}]}}