{"id":501,"date":"2008-09-11T00:00:26","date_gmt":"2008-09-10T22:00:26","guid":{"rendered":"http:\/\/deleet.dk\/?p=501"},"modified":"2008-09-11T00:00:26","modified_gmt":"2008-09-10T22:00:26","slug":"gudel%c3%b8s","status":"publish","type":"post","link":"https:\/\/emilkirkegaard.dk\/da\/?p=501","title":{"rendered":"Gudel\u00f8s"},"content":{"rendered":"<p>Denne kom lige ind med mail:<\/p>\n<div id=\":i2\" class=\"ArwC7c ckChnd\">\n<div lang=\"DA\">\n<div>\n<div>\n<div>\n<div>\n<p><em>K\u00e6re medlemmer af Ateistisk Selskab,<\/p>\n<p>S\u00e5 har vi en velsmagende nyhed til jer alle! Man har i et par m\u00e5neder kunnet k\u00f8be T-shirts og kaffekopper med vores logo p\u00e5, og nu tager vi skridtet videre. Vi har igennem l\u00e6ngere tid snakket sammen med det danske mikrobryggeri Bryggeriet Dj\u00e6vlebryg, der er startet af en flok ateistiske akademikere, om at udarbejde en \u00f8l i f\u00e6llesskab. Resultatet er nu kommet og b\u00e6rer navnet &#8220;Gudel\u00f8s&#8221;.<\/p>\n<p>Denne f\u00f8rste udgave er en lidt lettere imperial stout p\u00e5 8.9% abv., der byder p\u00e5 br\u00e6ndte malttoner, s\u00f8dlige indtryk og flotte lakridsnoter. Selvom brygget f\u00f8rst og fremmest er stilet mod Ateistisk Selskabs medlemmer, vil den dog snarest kunne k\u00f8bes i udvalgte butikker og barer landet over. I disse tider, hvor virksomheder forventes at tage et socialt ansvar, har Bryggeriet Dj\u00e6vlebryg valgt at f\u00f8lge trop: For hver solgt flaske eller fad\u00f8l donerer Bryggeriet Dj\u00e6vlebryg en god dansk krone til Ateistisk Selskab. Det er deres bidrag til folkeoplysningen.<\/p>\n<p>&#8220;Gudel\u00f8s&#8221; bliver lanceret p\u00e5 den store European Beer Festival, der finder sted i Valby i den kommende weekend (den 12. &#8211; 14. september), s\u00e5 her har Ateistisk Selskabs medlemmer (og andre interesserede) mulighed for at smage denne ugudelige \u00f8l for f\u00f8rste gang.<\/p>\n<p>Selvom \u00f8llen endnu ikke er i handlen, har samarbejdet mellem Ateistisk Selskab og Bryggeriet Dj\u00e6vlebryg allerede nu udl\u00f8st en r\u00e6kke positive reaktioner p\u00e5 internettet. Der er s\u00e5ledes startet en tr\u00e5d om &#8220;Gudel\u00f8s&#8221; p\u00e5 Richard Dawkins&#8217; debatside, den kendte biologiprofessor og ateist PZ Myers har skrevet om den p\u00e5 sin blog Pharyngula, og den norske humanistiske netavis Fritanke har skrevet en artikel om samarbejdet. Alt sammen i l\u00f8bet af en uge.<\/p>\n<p>P\u00e5 et senere tidspunkt vil det v\u00e6re muligt for Ateistisk Selskabs medlemmer at k\u00f8be \u00f8llen til en favorabel pris, men der skal lige ordnes nogle praktikaliteter f\u00f8rst. Vi skal nok holde jer orienteret om det.<\/p>\n<p><\/em><\/p>\n<p><em><br \/>\nMange hilsner,<br \/>\nBestyrelsen i Ateistisk Selskab<\/p>\n<p><\/em><\/p>\n<p><em><br \/>\nLinks til omtale af Gudel\u00f8s<br \/>\n<a href=\"http:\/\/www.ateist.dk\/forening\/den_ateistiske_ol_-_gudelos.html\" target=\"_blank\">http:\/\/www.ateist.dk\/forening\/den_ateistiske_ol_-_gudelos.html<\/a><br \/>\n<a href=\"http:\/\/www.djaevlebryg.dk\/gudeloes.php\" target=\"_blank\">http:\/\/www.djaevlebryg.dk\/gudeloes.php<\/a><br \/>\n<a href=\"http:\/\/richarddawkins.net\/forum\/viewtopic.php?f=1&amp;p=1286968\" target=\"_blank\">http:\/\/richarddawkins.net\/forum\/viewtopic.php?f=1&amp;p=1286968<\/a><br \/>\n<a href=\"http:\/\/scienceblogs.com\/pharyngula\/2008\/09\/denmark_is_now_on_my_list_of_e.php\" target=\"_blank\">http:\/\/scienceblogs.com\/pharyngula\/2008\/09\/denmark_is_now_on_my_list_of_e.php<\/a><br \/>\n<a href=\"http:\/\/www.fritanke.no\/NYHETER\/2008\/Danske_ateister_far_eget_ol\/\" target=\"_blank\">http:\/\/www.fritanke.no\/NYHETER\/2008\/Danske_ateister_far_eget_ol\/<\/a><br \/>\n<a href=\"http:\/\/blog.tv2.dk\/ateisme\/entry261044.html\" target=\"_blank\">http:\/\/blog.tv2.dk\/ateisme\/entry261044.html<\/a><br \/>\n<a href=\"http:\/\/greensboring.com\/viewtopic.php?f=21&amp;t=8859\" target=\"_blank\">http:\/\/greensboring.com\/viewtopic.php?f=21&amp;t=8859<\/a><br \/>\n<a href=\"http:\/\/humanistbloggen.blogspot.com\/2008\/09\/l-fr-ateister.html\" target=\"_blank\">http:\/\/humanistbloggen.blogspot.com\/2008\/09\/l-fr-ateister.html<\/a><\/em><\/p>\n<\/div>\n<\/div>\n<p><em><br \/>\nEuropean Beer Festival:<br \/>\n<a href=\"http:\/\/www.beerfestival.dk\/\" target=\"_blank\">http:\/\/www.beerfestival.dk\/<\/a><\/em><\/p>\n<p>&#8212;<\/p>\n<p>Det m\u00e5 man sige! Det havde jeg sgu ikke forventet. Godt klaret AS!<\/p>\n<\/div>\n<\/div>\n<\/div>\n<\/div>\n","protected":false},"excerpt":{"rendered":"<p>Denne kom lige ind med mail: K\u00e6re medlemmer af Ateistisk Selskab, S\u00e5 har vi en velsmagende nyhed til jer alle! Man har i et par m\u00e5neder kunnet k\u00f8be T-shirts og kaffekopper med vores logo p\u00e5, og nu tager vi skridtet videre. Vi har igennem l\u00e6ngere tid snakket sammen med det danske mikrobryggeri Bryggeriet Dj\u00e6vlebryg, der [&hellip;]<\/p>\n","protected":false},"author":4,"featured_media":0,"comment_status":"open","ping_status":"open","sticky":false,"template":"","format":"standard","meta":{"footnotes":""},"categories":[3],"tags":[123,125,1423],"class_list":["post-501","post","type-post","status-publish","format-standard","hentry","category-andet","tag-ateisme","tag-ateistisk-selskab","tag-l"],"_links":{"self":[{"href":"https:\/\/emilkirkegaard.dk\/da\/index.php?rest_route=\/wp\/v2\/posts\/501","targetHints":{"allow":["GET"]}}],"collection":[{"href":"https:\/\/emilkirkegaard.dk\/da\/index.php?rest_route=\/wp\/v2\/posts"}],"about":[{"href":"https:\/\/emilkirkegaard.dk\/da\/index.php?rest_route=\/wp\/v2\/types\/post"}],"author":[{"embeddable":true,"href":"https:\/\/emilkirkegaard.dk\/da\/index.php?rest_route=\/wp\/v2\/users\/4"}],"replies":[{"embeddable":true,"href":"https:\/\/emilkirkegaard.dk\/da\/index.php?rest_route=%2Fwp%2Fv2%2Fcomments&post=501"}],"version-history":[{"count":0,"href":"https:\/\/emilkirkegaard.dk\/da\/index.php?rest_route=\/wp\/v2\/posts\/501\/revisions"}],"wp:attachment":[{"href":"https:\/\/emilkirkegaard.dk\/da\/index.php?rest_route=%2Fwp%2Fv2%2Fmedia&parent=501"}],"wp:term":[{"taxonomy":"category","embeddable":true,"href":"https:\/\/emilkirkegaard.dk\/da\/index.php?rest_route=%2Fwp%2Fv2%2Fcategories&post=501"},{"taxonomy":"post_tag","embeddable":true,"href":"https:\/\/emilkirkegaard.dk\/da\/index.php?rest_route=%2Fwp%2Fv2%2Ftags&post=501"}],"curies":[{"name":"wp","href":"https:\/\/api.w.org\/{rel}","templated":true}]}}