{"id":56,"date":"2007-11-26T19:47:06","date_gmt":"2007-11-26T18:47:06","guid":{"rendered":"http:\/\/deleet.dk\/?p=56"},"modified":"2007-11-26T19:47:06","modified_gmt":"2007-11-26T18:47:06","slug":"en-pointe-om-fredelige-muslimer","status":"publish","type":"post","link":"https:\/\/emilkirkegaard.dk\/da\/?p=56","title":{"rendered":"En pointe om fredelige muslimer"},"content":{"rendered":"<p>Hvis muslimer generelt er s\u00e5 fredelige, hvordan kan det s\u00e5 v\u00e6re, at de protesterede n\u00e6sten uendeligt meget mere over at nogen tegnede deres profet end at andre misbrugte deres religion til at retf\u00e6rdigg\u00f8re terror?<\/p>\n<p>Det siger mere om fredelige muslimer end noget andet.<\/p>\n<p>Det kunne dog indvendes, at det var en lille mindre tal befolkningen der stod bag demonstrationerne, men her rammer man ved siden af pointen. Pointen er forholdet mellem de to demonstrationer, ikke forholdet mellem demonstrationerne og hele den muslimske befolkning.<\/p>\n<p><img loading=\"lazy\" decoding=\"async\" src=\"http:\/\/i53.photobucket.com\/albums\/g66\/Hemlihenning\/mohamed.jpg\" alt=\"Mohamed and the mirror\" width=\"470\" height=\"357\" \/><\/p>\n","protected":false},"excerpt":{"rendered":"<p>Hvis muslimer generelt er s\u00e5 fredelige, hvordan kan det s\u00e5 v\u00e6re, at de protesterede n\u00e6sten uendeligt meget mere over at nogen tegnede deres profet end at andre misbrugte deres religion til at retf\u00e6rdigg\u00f8re terror? Det siger mere om fredelige muslimer end noget andet. Det kunne dog indvendes, at det var en lille mindre tal befolkningen [&hellip;]<\/p>\n","protected":false},"author":4,"featured_media":0,"comment_status":"closed","ping_status":"open","sticky":false,"template":"","format":"standard","meta":{"footnotes":""},"categories":[19],"tags":[600,820,1269],"class_list":["post-56","post","type-post","status-publish","format-standard","hentry","category-religion-filosofi","tag-islam","tag-muslimer","tag-terror"],"_links":{"self":[{"href":"https:\/\/emilkirkegaard.dk\/da\/index.php?rest_route=\/wp\/v2\/posts\/56","targetHints":{"allow":["GET"]}}],"collection":[{"href":"https:\/\/emilkirkegaard.dk\/da\/index.php?rest_route=\/wp\/v2\/posts"}],"about":[{"href":"https:\/\/emilkirkegaard.dk\/da\/index.php?rest_route=\/wp\/v2\/types\/post"}],"author":[{"embeddable":true,"href":"https:\/\/emilkirkegaard.dk\/da\/index.php?rest_route=\/wp\/v2\/users\/4"}],"replies":[{"embeddable":true,"href":"https:\/\/emilkirkegaard.dk\/da\/index.php?rest_route=%2Fwp%2Fv2%2Fcomments&post=56"}],"version-history":[{"count":0,"href":"https:\/\/emilkirkegaard.dk\/da\/index.php?rest_route=\/wp\/v2\/posts\/56\/revisions"}],"wp:attachment":[{"href":"https:\/\/emilkirkegaard.dk\/da\/index.php?rest_route=%2Fwp%2Fv2%2Fmedia&parent=56"}],"wp:term":[{"taxonomy":"category","embeddable":true,"href":"https:\/\/emilkirkegaard.dk\/da\/index.php?rest_route=%2Fwp%2Fv2%2Fcategories&post=56"},{"taxonomy":"post_tag","embeddable":true,"href":"https:\/\/emilkirkegaard.dk\/da\/index.php?rest_route=%2Fwp%2Fv2%2Ftags&post=56"}],"curies":[{"name":"wp","href":"https:\/\/api.w.org\/{rel}","templated":true}]}}