{"id":596,"date":"2008-10-05T21:13:51","date_gmt":"2008-10-05T19:13:51","guid":{"rendered":"http:\/\/deleet.dk\/?p=596"},"modified":"2008-10-05T21:13:51","modified_gmt":"2008-10-05T19:13:51","slug":"hvad-betyder-maske","status":"publish","type":"post","link":"https:\/\/emilkirkegaard.dk\/da\/?p=596","title":{"rendered":"Hvad betyder &#039;m\u00e5ske&#039;?"},"content":{"rendered":"<p><!-- \t \t --><\/p>\n<p>En kort analyse af hvilket logisk udtryk &#8216;m\u00e5ske&#8217; udtrykker.<\/p>\n<p>Det er tydeligt, at &#8216;m\u00e5ske&#8217; udtrykker noget med muligheder, et omr\u00e5de der behandles af modallogikken. Sp\u00f8rgsm\u00e5let er om det blot udtrykker, at det som det st\u00e5r sammen med er muligt, eller om det ogs\u00e5 udtrykker at det modsatte ogs\u00e5 er muligt. Dette kan skrives formelt:<\/p>\n<p>a. \u25cap (muligt at p)<\/p>\n<p>b. \u25cap \u02c4 \u25ca\u00acp (muligt at p og muligt at ikke-p)<\/p>\n<p>Jeg har konstrueret et argument som benytter Det sproglige princip om det st\u00e6rkeste udtryk som pr\u00e6mis til at vise at (a) implicerer (b).<\/p>\n<p>1. Hvis princippet er sandt, s\u00e5 udtrykker (a) at ikke-n\u00f8dvendigvis at p.<\/p>\n<p>2. Princippet er sandt.<\/p>\n<p>3. (a) udtrykker at ikke-n\u00f8dvendigvis at p. (1, 2)<\/p>\n<p>4. &#8220;Ikke-n\u00f8dvendigvis at p&#8221; er identisk med &#8220;muligvis at ikke-p&#8221;.<\/p>\n<p>5. (a) udtrykker at muligvis at ikke-p. (3, 4)<\/p>\n<p>6. (a) udtrykker at muligvis at p.<\/p>\n<p>7. (a) udtrykker at muligvis at ikke-p og muligvis at p. (5, 6)<\/p>\n<p>Herfra ses det, at (a) implicerer (b). Givet at en af disse forst\u00e5else af &#8216;m\u00e5ske&#8217; er korrekt, s\u00e5 f\u00f8lger det, at &#8216;m\u00e5ske&#8217; udtrykker at muligt at p og muligt ikke-p.<\/p>\n<p><em>Anbefalet l\u00e6sning:<\/em><\/p>\n<p>&#8220;<em>Modal logic&#8221;, SEP, <a href=\"http:\/\/plato.stanford.edu\/entries\/logic-modal\/\">link<\/a><\/em><\/p>\n<p>&#8220;<em>Det sproglige princip om det st\u00e6rkeste udtryk&#8221;, Emil Kirkegaard, <a href=\"..\/..\/..\/..\/..\/2008\/09\/04\/det-sproglige-princip-om-det-st%C3%A6rkeste-udtryk\/\">link<\/a><\/em><\/p>\n","protected":false},"excerpt":{"rendered":"<p>En kort analyse af hvilket logisk udtryk &#8216;m\u00e5ske&#8217; udtrykker. Det er tydeligt, at &#8216;m\u00e5ske&#8217; udtrykker noget med muligheder, et omr\u00e5de der behandles af modallogikken. Sp\u00f8rgsm\u00e5let er om det blot udtrykker, at det som det st\u00e5r sammen med er muligt, eller om det ogs\u00e5 udtrykker at det modsatte ogs\u00e5 er muligt. Dette kan skrives formelt: a. [&hellip;]<\/p>\n","protected":false},"author":4,"featured_media":0,"comment_status":"open","ping_status":"open","sticky":false,"template":"","format":"standard","meta":{"footnotes":""},"categories":[14],"tags":[1759,747,1762,796],"class_list":["post-596","post","type-post","status-publish","format-standard","hentry","category-modal-logik-filosofi-filosofi","tag-logik-filosofi","tag-maske","tag-modal-logik-filosofi-filosofi","tag-modallogik"],"_links":{"self":[{"href":"https:\/\/emilkirkegaard.dk\/da\/index.php?rest_route=\/wp\/v2\/posts\/596","targetHints":{"allow":["GET"]}}],"collection":[{"href":"https:\/\/emilkirkegaard.dk\/da\/index.php?rest_route=\/wp\/v2\/posts"}],"about":[{"href":"https:\/\/emilkirkegaard.dk\/da\/index.php?rest_route=\/wp\/v2\/types\/post"}],"author":[{"embeddable":true,"href":"https:\/\/emilkirkegaard.dk\/da\/index.php?rest_route=\/wp\/v2\/users\/4"}],"replies":[{"embeddable":true,"href":"https:\/\/emilkirkegaard.dk\/da\/index.php?rest_route=%2Fwp%2Fv2%2Fcomments&post=596"}],"version-history":[{"count":0,"href":"https:\/\/emilkirkegaard.dk\/da\/index.php?rest_route=\/wp\/v2\/posts\/596\/revisions"}],"wp:attachment":[{"href":"https:\/\/emilkirkegaard.dk\/da\/index.php?rest_route=%2Fwp%2Fv2%2Fmedia&parent=596"}],"wp:term":[{"taxonomy":"category","embeddable":true,"href":"https:\/\/emilkirkegaard.dk\/da\/index.php?rest_route=%2Fwp%2Fv2%2Fcategories&post=596"},{"taxonomy":"post_tag","embeddable":true,"href":"https:\/\/emilkirkegaard.dk\/da\/index.php?rest_route=%2Fwp%2Fv2%2Ftags&post=596"}],"curies":[{"name":"wp","href":"https:\/\/api.w.org\/{rel}","templated":true}]}}