{"id":66,"date":"2007-12-10T11:07:15","date_gmt":"2007-12-10T10:07:15","guid":{"rendered":"http:\/\/deleet.dk\/?p=66"},"modified":"2007-12-10T11:07:15","modified_gmt":"2007-12-10T10:07:15","slug":"en-intellektuel-pligt","status":"publish","type":"post","link":"https:\/\/emilkirkegaard.dk\/da\/?p=66","title":{"rendered":"En intellektuel pligt!"},"content":{"rendered":"<p align=\"center\">&nbsp;<\/p>\n<p>Fakta viser, at samfund der er mere oplyste fungerer bedre. Oplysningssamfundet er mit\/vores m\u00e5l, derfor er oplysning vejen til dette m\u00e5l. Det er ikke alle mennesker der kan oplyse andre, enten fordi at de selv er uoplyste eller m\u00e5ske fordi, at de er d\u00e5rlige til at udtrykke sig klart. Jeg ser det som en intellektuel pligt, for enhver der kan oplyse, at oplyse.<\/p>\n<p>Lad ikke en kreationist f\u00e5 lov til at udbrede uvidenheden i en debat, arbejd imod uvidenheden. Lad v\u00e6re med at, ikke turde tage kampen op med en maniac p\u00e5 et forum, for selvom du ikke overbeviser et &#8216;faith-head&#8217;, s\u00e5 vil andre l\u00e6sere af debatten v\u00e6re i stand til, at se hvem der har fat i den lange ende.<\/p>\n<p>Brug ikke personangreb, uanset hvor meget personen fortjener det, personangreb vil kun f\u00e5 dig selv til at fremst\u00e5 dum, husk (m\u00e5ske) Einstein&#8217;s ud\u00f8delige ord: &#8220;Weakness of attitude becomes weakness of character.&#8221;<\/p>\n<p>Lad ikke tro-hovederne f\u00e5 deres vilje, mod dem med massiv, men retf\u00e6rdig modstand i en enhver debat! Lad os ikke vende tilbage til den m\u00f8rke middelalder, hvor overtro herskede. Lad os g\u00f8re Jorden fri for overtro og dermed religion.<\/p>\n<p><img loading=\"lazy\" decoding=\"async\" src=\"http:\/\/outcampaign.org\/promo\/scarletletter_out_sm.gif\" alt=\"OUT campaign Logo\" height=\"280\" width=\"250\" \/><\/p>\n","protected":false},"excerpt":{"rendered":"<p>&nbsp; Fakta viser, at samfund der er mere oplyste fungerer bedre. Oplysningssamfundet er mit\/vores m\u00e5l, derfor er oplysning vejen til dette m\u00e5l. Det er ikke alle mennesker der kan oplyse andre, enten fordi at de selv er uoplyste eller m\u00e5ske fordi, at de er d\u00e5rlige til at udtrykke sig klart. Jeg ser det som en [&hellip;]<\/p>\n","protected":false},"author":4,"featured_media":0,"comment_status":"closed","ping_status":"open","sticky":false,"template":"","format":"standard","meta":{"footnotes":""},"categories":[3],"tags":[580,908,974],"class_list":["post-66","post","type-post","status-publish","format-standard","hentry","category-andet","tag-intellektuel","tag-oplysning","tag-pligt"],"_links":{"self":[{"href":"https:\/\/emilkirkegaard.dk\/da\/index.php?rest_route=\/wp\/v2\/posts\/66","targetHints":{"allow":["GET"]}}],"collection":[{"href":"https:\/\/emilkirkegaard.dk\/da\/index.php?rest_route=\/wp\/v2\/posts"}],"about":[{"href":"https:\/\/emilkirkegaard.dk\/da\/index.php?rest_route=\/wp\/v2\/types\/post"}],"author":[{"embeddable":true,"href":"https:\/\/emilkirkegaard.dk\/da\/index.php?rest_route=\/wp\/v2\/users\/4"}],"replies":[{"embeddable":true,"href":"https:\/\/emilkirkegaard.dk\/da\/index.php?rest_route=%2Fwp%2Fv2%2Fcomments&post=66"}],"version-history":[{"count":0,"href":"https:\/\/emilkirkegaard.dk\/da\/index.php?rest_route=\/wp\/v2\/posts\/66\/revisions"}],"wp:attachment":[{"href":"https:\/\/emilkirkegaard.dk\/da\/index.php?rest_route=%2Fwp%2Fv2%2Fmedia&parent=66"}],"wp:term":[{"taxonomy":"category","embeddable":true,"href":"https:\/\/emilkirkegaard.dk\/da\/index.php?rest_route=%2Fwp%2Fv2%2Fcategories&post=66"},{"taxonomy":"post_tag","embeddable":true,"href":"https:\/\/emilkirkegaard.dk\/da\/index.php?rest_route=%2Fwp%2Fv2%2Ftags&post=66"}],"curies":[{"name":"wp","href":"https:\/\/api.w.org\/{rel}","templated":true}]}}