{"id":675,"date":"2008-10-22T21:58:31","date_gmt":"2008-10-22T19:58:31","guid":{"rendered":"http:\/\/deleet.dk\/?p=675"},"modified":"2008-10-22T21:58:31","modified_gmt":"2008-10-22T19:58:31","slug":"for-meget-freud-i-dansk","status":"publish","type":"post","link":"https:\/\/emilkirkegaard.dk\/da\/?p=675","title":{"rendered":"Dialog: For meget Freud i dansk!"},"content":{"rendered":"<p>En del af en samtale mellem undertegnede og Jeppe &#8220;Noarko&#8221;<\/p>\n<p><!-- \t \t --><\/p>\n<p>Filosof Emil &#8220;Deleet&#8221; Kirkegaard siger:<\/p>\n<p>Min danskl\u00e6rerinde er irriterende glad for Freud.<\/p>\n<p>Filosof Emil &#8220;Deleet&#8221; Kirkegaard siger:<\/p>\n<p>Det er belastende at SKULLE analysere reklamer udfra et freudiansk perspektiv.<\/p>\n<p>Jeppe&#8230; siger:<\/p>\n<p>SAMME HER!!!!<\/p>\n<p>Jeppe&#8230; siger:<\/p>\n<p>reklamer er vi heldigvis ikke n\u00e5et til. Vi er ved kortfilm.<\/p>\n<p>Filosof Emil &#8220;Deleet&#8221; Kirkegaard siger:<\/p>\n<p>Det skal vi lige til. Vi skal endda lave en.<\/p>\n<p>Jeppe&#8230; siger:<\/p>\n<p>h\u00e5ber ikke reklamer kommer ind i billedet, for s\u00e5 kommer dansktimerne da virkelig til at v\u00e6re d\u00f8dens p\u00f8lse.<\/p>\n<p>Filosof Emil &#8220;Deleet&#8221; Kirkegaard siger:<\/p>\n<p>Desv\u00e6rre synes dem i min gruppe ikke, at nonsens er et godt tema<\/p>\n<p>Jeg elsker nonsens som i e.g. Monty Python.<\/p>\n<p>Filosof Emil &#8220;Deleet&#8221; Kirkegaard siger:<\/p>\n<p>Freud er fail, hvor gammel er din danskl\u00e6rer? En teori kunne v\u00e6re, at der er en \u00e5rgang som gik meget op i det p\u00e5 seminariet.<\/p>\n<p>Jeppe&#8230; siger:<\/p>\n<p>hmm.. et g\u00e6t ville v\u00e6re mellem 40 og 50&#8230;<\/p>\n<p>Jeppe&#8230; siger:<\/p>\n<p>Jeg er ikke sikker. Hendes fysiske udseende giver ikke mange hints..<\/p>\n<p>Jeppe&#8230; siger:<\/p>\n<p>Freud er for\u00e6ldet, og det er der mange som \u00e5benbart ikke har forst\u00e5et.<\/p>\n<p>Filosof Emil &#8220;Deleet&#8221; Kirkegaard siger:<\/p>\n<p>Bruger din &#8230;. \u00f8dipus komplekset?<\/p>\n<p>Jeppe&#8230; siger:<\/p>\n<p>Vi har haft om hele myten!<\/p>\n<p>Filosof Emil &#8220;Deleet&#8221; Kirkegaard siger:<\/p>\n<p>Det har vi heldigvis ikke, hun antager bare at vi kender den. Bevares, der er i det mindste en elev der kender den.<\/p>\n<p>Filosof Emil &#8220;Deleet&#8221; Kirkegaard siger:<\/p>\n<p>Men hun brugte den til at tolke en kortfilm vi s\u00e5 i dag: Dennis.<\/p>\n<p>Jeppe&#8230; siger:<\/p>\n<p>?<\/p>\n<p>Jeppe&#8230; siger:<\/p>\n<p>Hvorfor bruger hun en komplet latterlig teori som \u00f8dipus komplekset til at analysere med?<\/p>\n<p>Filosof Emil &#8220;Deleet&#8221; Kirkegaard siger:<\/p>\n<p>En mand som bor hjemme og lider af mindrev\u00e6rdskompleks. Hans mor dominerer ham. Tilsyneladende passer det p\u00e5 en eller anden m\u00e5de med \u00f8dipus komplekset. Jeg spurgte hvordan det hang sammen med at \u00f8dipus slog sin far ihjel, men ikke noget ordentligt svar.<\/p>\n<p>Filosof Emil &#8220;Deleet&#8221; Kirkegaard siger:<\/p>\n<p>Det eneste som lige passer er, at \u00f8dipus giftede sig med sin mor (ham her sov med sin mor, i samme seng). Men \u00f8dipus gjorde det uden at vide det.<\/p>\n<p>Jeppe&#8230; siger:<\/p>\n<p>\u00d8dipus slagtede sin far og fik b\u00f8rn med sin mor&#8230; at han sover i samme seng som hende er n\u00e6ppe det samme&#8230;<\/p>\n<p>Filosof Emil &#8220;Deleet&#8221; Kirkegaard siger:<\/p>\n<p>S\u00e5 vidt jeg har forst\u00e5et, s\u00e5 brugte man \u00d8dipus til at forklare Fatalisme\/Determinisme i gamle dage; at uanset hvordan man fors\u00f8ger at undg\u00e5 noget som er &#8220;bestemt&#8221;, s\u00e5 nytter det ikke.<\/p>\n<p>Filosof Emil &#8220;Deleet&#8221; Kirkegaard siger:<\/p>\n<p>Det tema h\u00e6nger p\u00e5 ingen m\u00e5de sammen med filmen, s\u00e5 jeg lignede et sp\u00f8rgsm\u00e5lstegn i hovedet.<\/p>\n<p>Jeppe&#8230; siger:<\/p>\n<p>Det er da ogs\u00e5 den eneste virkelighedsn\u00e6re tankegang man kan f\u00e5 ud af den&#8230; Det ville jeg ogs\u00e5 have gjort<\/p>\n<p>Filosof Emil &#8220;Deleet&#8221; Kirkegaard siger:<\/p>\n<p>Men nogle gange lyder det ogs\u00e5 som om, at hun tror at Freadianisme er identisk med psykologi.<\/p>\n<p>Filosof Emil &#8220;Deleet&#8221; Kirkegaard siger:<\/p>\n<p>Som om, at hun ikke ved at der er forskellige paradigmer og nogle af dem er anset som &#8220;discredited&#8221;, Freudianisme herunder.<\/p>\n<p>Jeppe&#8230; siger:<\/p>\n<p>Det g\u00f8r hun sikkert ikke. Min danskl\u00e6rer lader til at fejle det samme.<\/p>\n<p>Jeppe&#8230; siger:<\/p>\n<p>eller lide af samme vrangforstillinger, eller uvidenhed om man vil.<\/p>\n<p>Filosof Emil &#8220;Deleet&#8221; Kirkegaard siger:<\/p>\n<p>Jeg tror, at jeg vil smide dele af denne samtale p\u00e5 min side.<\/p>\n<p>Filosof Emil &#8220;Deleet&#8221; Kirkegaard siger:<\/p>\n<p>Da der er nogle sk\u00e6ge bem\u00e6rkninger.<\/p>\n<p>Filosof Emil &#8220;Deleet&#8221; Kirkegaard siger:<\/p>\n<p>og m\u00e5ske, hvis vi\/jeg er rigtige heldige, s\u00e5 l\u00e6ser hun det og bliver klogere. Ah, man er vel idealist!<\/p>\n<p>Jeppe&#8230; siger:<\/p>\n<p>Du skal v\u00e6re s\u00e5 velkommen<\/p>\n","protected":false},"excerpt":{"rendered":"<p>En del af en samtale mellem undertegnede og Jeppe &#8220;Noarko&#8221; Filosof Emil &#8220;Deleet&#8221; Kirkegaard siger: Min danskl\u00e6rerinde er irriterende glad for Freud. Filosof Emil &#8220;Deleet&#8221; Kirkegaard siger: Det er belastende at SKULLE analysere reklamer udfra et freudiansk perspektiv. Jeppe&#8230; siger: SAMME HER!!!! Jeppe&#8230; siger: reklamer er vi heldigvis ikke n\u00e5et til. Vi er ved kortfilm. [&hellip;]<\/p>\n","protected":false},"author":4,"featured_media":0,"comment_status":"open","ping_status":"open","sticky":false,"template":"","format":"standard","meta":{"footnotes":""},"categories":[5,33],"tags":[239,439,1773],"class_list":["post-675","post","type-post","status-publish","format-standard","hentry","category-dialoger","category-psykologi","tag-dansk","tag-freud","tag-psykologi"],"_links":{"self":[{"href":"https:\/\/emilkirkegaard.dk\/da\/index.php?rest_route=\/wp\/v2\/posts\/675","targetHints":{"allow":["GET"]}}],"collection":[{"href":"https:\/\/emilkirkegaard.dk\/da\/index.php?rest_route=\/wp\/v2\/posts"}],"about":[{"href":"https:\/\/emilkirkegaard.dk\/da\/index.php?rest_route=\/wp\/v2\/types\/post"}],"author":[{"embeddable":true,"href":"https:\/\/emilkirkegaard.dk\/da\/index.php?rest_route=\/wp\/v2\/users\/4"}],"replies":[{"embeddable":true,"href":"https:\/\/emilkirkegaard.dk\/da\/index.php?rest_route=%2Fwp%2Fv2%2Fcomments&post=675"}],"version-history":[{"count":0,"href":"https:\/\/emilkirkegaard.dk\/da\/index.php?rest_route=\/wp\/v2\/posts\/675\/revisions"}],"wp:attachment":[{"href":"https:\/\/emilkirkegaard.dk\/da\/index.php?rest_route=%2Fwp%2Fv2%2Fmedia&parent=675"}],"wp:term":[{"taxonomy":"category","embeddable":true,"href":"https:\/\/emilkirkegaard.dk\/da\/index.php?rest_route=%2Fwp%2Fv2%2Fcategories&post=675"},{"taxonomy":"post_tag","embeddable":true,"href":"https:\/\/emilkirkegaard.dk\/da\/index.php?rest_route=%2Fwp%2Fv2%2Ftags&post=675"}],"curies":[{"name":"wp","href":"https:\/\/api.w.org\/{rel}","templated":true}]}}