{"id":812,"date":"2008-11-21T00:43:44","date_gmt":"2008-11-20T22:43:44","guid":{"rendered":"http:\/\/deleet.dk\/?p=812"},"modified":"2008-11-21T00:43:44","modified_gmt":"2008-11-20T22:43:44","slug":"men-nogen-har-det-v%c3%a6rre-end-dig-derfor","status":"publish","type":"post","link":"https:\/\/emilkirkegaard.dk\/da\/?p=812","title":{"rendered":"&quot;Men nogen har det v\u00e6rre end dig, derfor&#8230;&quot;"},"content":{"rendered":"<p><!-- \t \t --><\/p>\n<p><strong>Indledende analyse<\/strong><\/p>\n<p>Jeg har aldrig forst\u00e5et hvad folk mener, n\u00e5r de laver en bem\u00e6rkning af typen i overskriften. Her er et eksempel:<\/p>\n<p>Emil: Jeg gider ikke hedde noget normalt \ud83d\ude41 Jeg vil v\u00e6re UNIK \ud83d\ude1b Ogs\u00e5 juridisk<\/p>\n<p>Jens: LOL, jeg har det mest almindelige drengenavn i Danmark, so shut it! xD<\/p>\n<p>Vi kan generalisere formen til dette:<\/p>\n<p>Person 1 beklager sig.<\/p>\n<p>Person 2 bem\u00e6rker at mindst en anden person har det v\u00e6rre<\/p>\n<p>Dog har vi stadig ikke fundet ud af hvad i alverden folk mener n\u00e5r de siger det. Hvis man sp\u00f8rger folk selv, s\u00e5 ved de det, ironisk nok, ikke. Dette tyder p\u00e5, at der er tale om et st\u00e6rkt mem.<\/p>\n<p>Lad os dog antage, at det faktisk betyder noget. Jeg har to mulige forklaring.<\/p>\n<p><strong>Argument-forklaringen<\/strong><\/p>\n<p>Ideen er at det er ment som et argument om, at man ikke b\u00f8r beklage sig, eller at man ikke har ret til at beklage sig. Dette er inspireret af specifikt endelsen p\u00e5 ovenst\u00e5ende citat, som jeg her vil antage er en generalitet. Argumentet kan fortolkes p\u00e5 mindst en argumentativ m\u00e5de:<\/p>\n<p>1. Hvis nogen har det v\u00e6rre end person S ifht. situation K, s\u00e5 b\u00f8r S ikke beklage sig (Emil har det slemt mht. hans navn)<\/p>\n<p>2. Nogen har det v\u00e6rre (Jens har det v\u00e6rre).<\/p>\n<p>3. \u22a2 Emil b\u00f8r ikke beklage sig.<\/p>\n<p>Det f\u00f8rste pr\u00e6mis er yderst uplausibelt da det implicerer, at der kun er (et f\u00e5tal eller en person) i verden som m\u00e5 beklage sig over en given situation. Dette er dog p\u00e5 den betingelse, at den gruppe af personer man sammenligner med er en stor gruppe, som fx hele verdens befolkning. Da vi generelt har det godt i Danmark, s\u00e5 bliver det sv\u00e6rt at finde et tilf\u00e6lde hvor der ikke er nogen der har det v\u00e6rre i hele verden. Denne gruppe kunne reduceres til (Danmark eller ens bekendte).<\/p>\n<p>Det er ogs\u00e5 et sp\u00f8rgsm\u00e5l om hvor meget i detaljer man g\u00e5r med situationsinddelingen; hvis en person br\u00e6kkede benet ved at sm\u00e6kke k\u00f8leskabslugen, skal han s\u00e5 sammenlignes med en der er faldet og sl\u00e5et benet?<\/p>\n<p><strong>Opmuntrings-forklaringen<\/strong><\/p>\n<p>Ideer er at det er ment som en opmuntring. Hvis man ved, at nogen har det v\u00e6rre end en selv, s\u00e5 er man ikke den som har det v\u00e6rst og derfor b\u00f8r man ikke v\u00e6re s\u00e5 ked over situationen.<\/p>\n","protected":false},"excerpt":{"rendered":"<p>Indledende analyse Jeg har aldrig forst\u00e5et hvad folk mener, n\u00e5r de laver en bem\u00e6rkning af typen i overskriften. Her er et eksempel: Emil: Jeg gider ikke hedde noget normalt \ud83d\ude41 Jeg vil v\u00e6re UNIK \ud83d\ude1b Ogs\u00e5 juridisk Jens: LOL, jeg har det mest almindelige drengenavn i Danmark, so shut it! xD Vi kan generalisere formen [&hellip;]<\/p>\n","protected":false},"author":4,"featured_media":0,"comment_status":"open","ping_status":"open","sticky":false,"template":"","format":"standard","meta":{"footnotes":""},"categories":[22],"tags":[763],"class_list":["post-812","post","type-post","status-publish","format-standard","hentry","category-sprog-filosofi","tag-men-nogen-har-det-vrre-end-dig"],"_links":{"self":[{"href":"https:\/\/emilkirkegaard.dk\/da\/index.php?rest_route=\/wp\/v2\/posts\/812","targetHints":{"allow":["GET"]}}],"collection":[{"href":"https:\/\/emilkirkegaard.dk\/da\/index.php?rest_route=\/wp\/v2\/posts"}],"about":[{"href":"https:\/\/emilkirkegaard.dk\/da\/index.php?rest_route=\/wp\/v2\/types\/post"}],"author":[{"embeddable":true,"href":"https:\/\/emilkirkegaard.dk\/da\/index.php?rest_route=\/wp\/v2\/users\/4"}],"replies":[{"embeddable":true,"href":"https:\/\/emilkirkegaard.dk\/da\/index.php?rest_route=%2Fwp%2Fv2%2Fcomments&post=812"}],"version-history":[{"count":0,"href":"https:\/\/emilkirkegaard.dk\/da\/index.php?rest_route=\/wp\/v2\/posts\/812\/revisions"}],"wp:attachment":[{"href":"https:\/\/emilkirkegaard.dk\/da\/index.php?rest_route=%2Fwp%2Fv2%2Fmedia&parent=812"}],"wp:term":[{"taxonomy":"category","embeddable":true,"href":"https:\/\/emilkirkegaard.dk\/da\/index.php?rest_route=%2Fwp%2Fv2%2Fcategories&post=812"},{"taxonomy":"post_tag","embeddable":true,"href":"https:\/\/emilkirkegaard.dk\/da\/index.php?rest_route=%2Fwp%2Fv2%2Ftags&post=812"}],"curies":[{"name":"wp","href":"https:\/\/api.w.org\/{rel}","templated":true}]}}