{"id":844,"date":"2008-12-04T23:06:55","date_gmt":"2008-12-04T21:06:55","guid":{"rendered":"http:\/\/deleet.dk\/?p=844"},"modified":"2008-12-04T23:06:55","modified_gmt":"2008-12-04T21:06:55","slug":"tror-jeg-som-usikkerhedsmark%c3%b8r","status":"publish","type":"post","link":"https:\/\/emilkirkegaard.dk\/da\/?p=844","title":{"rendered":"&quot;Tror jeg&quot; som usikkerhedsmark\u00f8r"},"content":{"rendered":"<p><!-- \t \t --><\/p>\n<p>Jeg har valgt m\u00e6rke til, at &#8220;tror jeg&#8221;, ofte inds\u00e6ttes sammen med en p\u00e5stand for at symbolisere eller kommunikere usikkerhed. Dette er ikke det normale brug af &#8220;tror jeg&#8221; eller &#8220;jeg tror&#8221; der blot betyder, at man tror p\u00e5 den p\u00e5stand man taler om. Bem\u00e6rk at hvis man bruger &#8220;tror jeg&#8221; som usikkerhedsmark\u00f8r s\u00e5 implicerer det ogs\u00e5, at man tror p\u00e5 p\u00e5standen, for hvordan skulle man ellers kunne v\u00e6re usikker? E.g.<\/p>\n<p>E1. <em>M\u00e5nen er lavet af sten, tror jeg*.<\/em><\/p>\n<p>(E1) ville normalt blive forst\u00e5et til, at personen tror, at M\u00e5nen er lavet af sten og at personen i usikker p\u00e5, at dette er rigtigt. * Nogle gange inds\u00e6ttes ogs\u00e5 &#8216;nok&#8217; her (tror jeg nok). M\u00e5ske symboliserer dette mere usikkerhed.<\/p>\n<p>E2. <em>Jeg tror det ikke, men M\u00e5nen er lavet af sten, tror jeg.<\/em><\/p>\n<p>(E2) ville normalt blive fortolket som en selvmodsigelse mellem, at man tror det og man ikke tror det.<\/p>\n","protected":false},"excerpt":{"rendered":"<p>Jeg har valgt m\u00e6rke til, at &#8220;tror jeg&#8221;, ofte inds\u00e6ttes sammen med en p\u00e5stand for at symbolisere eller kommunikere usikkerhed. Dette er ikke det normale brug af &#8220;tror jeg&#8221; eller &#8220;jeg tror&#8221; der blot betyder, at man tror p\u00e5 den p\u00e5stand man taler om. Bem\u00e6rk at hvis man bruger &#8220;tror jeg&#8221; som usikkerhedsmark\u00f8r s\u00e5 implicerer [&hellip;]<\/p>\n","protected":false},"author":4,"featured_media":0,"comment_status":"open","ping_status":"open","sticky":false,"template":"","format":"standard","meta":{"footnotes":""},"categories":[27,22],"tags":[35,1350,1351],"class_list":["post-844","post","type-post","status-publish","format-standard","hentry","category-epistemologi","category-sprog-filosofi","tag-tror-jeg","tag-usikkerhed","tag-usikkerhedsmarkr"],"_links":{"self":[{"href":"https:\/\/emilkirkegaard.dk\/da\/index.php?rest_route=\/wp\/v2\/posts\/844","targetHints":{"allow":["GET"]}}],"collection":[{"href":"https:\/\/emilkirkegaard.dk\/da\/index.php?rest_route=\/wp\/v2\/posts"}],"about":[{"href":"https:\/\/emilkirkegaard.dk\/da\/index.php?rest_route=\/wp\/v2\/types\/post"}],"author":[{"embeddable":true,"href":"https:\/\/emilkirkegaard.dk\/da\/index.php?rest_route=\/wp\/v2\/users\/4"}],"replies":[{"embeddable":true,"href":"https:\/\/emilkirkegaard.dk\/da\/index.php?rest_route=%2Fwp%2Fv2%2Fcomments&post=844"}],"version-history":[{"count":0,"href":"https:\/\/emilkirkegaard.dk\/da\/index.php?rest_route=\/wp\/v2\/posts\/844\/revisions"}],"wp:attachment":[{"href":"https:\/\/emilkirkegaard.dk\/da\/index.php?rest_route=%2Fwp%2Fv2%2Fmedia&parent=844"}],"wp:term":[{"taxonomy":"category","embeddable":true,"href":"https:\/\/emilkirkegaard.dk\/da\/index.php?rest_route=%2Fwp%2Fv2%2Fcategories&post=844"},{"taxonomy":"post_tag","embeddable":true,"href":"https:\/\/emilkirkegaard.dk\/da\/index.php?rest_route=%2Fwp%2Fv2%2Ftags&post=844"}],"curies":[{"name":"wp","href":"https:\/\/api.w.org\/{rel}","templated":true}]}}