{"id":910,"date":"2009-01-05T22:47:17","date_gmt":"2009-01-05T20:47:17","guid":{"rendered":"http:\/\/deleet.dk\/?p=910"},"modified":"2009-01-05T22:47:17","modified_gmt":"2009-01-05T20:47:17","slug":"aviser-og-deres-redaktioner","status":"publish","type":"post","link":"https:\/\/emilkirkegaard.dk\/da\/?p=910","title":{"rendered":"Aviser og deres redaktioner"},"content":{"rendered":"<p><a href=\"http:\/\/politiken.dk\/indland\/article623497.ece\">Se denne artikel.<\/a><\/p>\n<p>Der st\u00e5r:<\/p>\n<blockquote><p>En ven til avisbuddet, G\u00f6khan, <em>(efternavnet er red. bekendt)<\/em> forklarer, at den 16-\u00e5rige praktisk talt s\u00f8rgede for sin mor, der er    sygdomsramt, med indk\u00f8b og madlavning.<\/p><\/blockquote>\n<p>Det er ikke f\u00f8rste gang jeg ser en s\u00e5dan notits. Hvorfor er det n\u00f8dvendigt at fort\u00e6lle, at personens navn er kendt af redaktionen? Er det en slags selvpromovering? Eller er det en opfordring til, at hvis man gerne vil have personens navn, s\u00e5 kan man skrive til redaktionen og f\u00e5 det udlveret? I s\u00e5 fald, hvorfor skrev de det s\u00e5 ikke bare med det samme? M\u00e5ske kr\u00e6ver det en <em>god<\/em> begrundelse.<\/p>\n<p>I det hele taget virker det som en temmelig underlig ide.<\/p>\n","protected":false},"excerpt":{"rendered":"<p>Se denne artikel. Der st\u00e5r: En ven til avisbuddet, G\u00f6khan, (efternavnet er red. bekendt) forklarer, at den 16-\u00e5rige praktisk talt s\u00f8rgede for sin mor, der er sygdomsramt, med indk\u00f8b og madlavning. Det er ikke f\u00f8rste gang jeg ser en s\u00e5dan notits. Hvorfor er det n\u00f8dvendigt at fort\u00e6lle, at personens navn er kendt af redaktionen? Er [&hellip;]<\/p>\n","protected":false},"author":4,"featured_media":0,"comment_status":"open","ping_status":"open","sticky":false,"template":"","format":"standard","meta":{"footnotes":""},"categories":[3],"tags":[132,1046],"class_list":["post-910","post","type-post","status-publish","format-standard","hentry","category-andet","tag-aviser","tag-redaktion"],"_links":{"self":[{"href":"https:\/\/emilkirkegaard.dk\/da\/index.php?rest_route=\/wp\/v2\/posts\/910","targetHints":{"allow":["GET"]}}],"collection":[{"href":"https:\/\/emilkirkegaard.dk\/da\/index.php?rest_route=\/wp\/v2\/posts"}],"about":[{"href":"https:\/\/emilkirkegaard.dk\/da\/index.php?rest_route=\/wp\/v2\/types\/post"}],"author":[{"embeddable":true,"href":"https:\/\/emilkirkegaard.dk\/da\/index.php?rest_route=\/wp\/v2\/users\/4"}],"replies":[{"embeddable":true,"href":"https:\/\/emilkirkegaard.dk\/da\/index.php?rest_route=%2Fwp%2Fv2%2Fcomments&post=910"}],"version-history":[{"count":0,"href":"https:\/\/emilkirkegaard.dk\/da\/index.php?rest_route=\/wp\/v2\/posts\/910\/revisions"}],"wp:attachment":[{"href":"https:\/\/emilkirkegaard.dk\/da\/index.php?rest_route=%2Fwp%2Fv2%2Fmedia&parent=910"}],"wp:term":[{"taxonomy":"category","embeddable":true,"href":"https:\/\/emilkirkegaard.dk\/da\/index.php?rest_route=%2Fwp%2Fv2%2Fcategories&post=910"},{"taxonomy":"post_tag","embeddable":true,"href":"https:\/\/emilkirkegaard.dk\/da\/index.php?rest_route=%2Fwp%2Fv2%2Ftags&post=910"}],"curies":[{"name":"wp","href":"https:\/\/api.w.org\/{rel}","templated":true}]}}