{"id":922,"date":"2009-01-08T13:17:40","date_gmt":"2009-01-08T11:17:40","guid":{"rendered":"http:\/\/deleet.dk\/?p=922"},"modified":"2009-01-08T13:17:40","modified_gmt":"2009-01-08T11:17:40","slug":"den-modale-fejlslutning-reduktioner-og-modalt-kollaps","status":"publish","type":"post","link":"https:\/\/emilkirkegaard.dk\/da\/?p=922","title":{"rendered":"Den modale fejlslutning, reduktioner og modalt kollaps"},"content":{"rendered":"<p><!-- \t \t --><\/p>\n<p><strong>Introduktion<\/strong><\/p>\n<p>Denne artikel har to emner. F\u00f8rst vil jeg skitsere en masse implikationer af at ben\u00e6gte den modale fejlslutning viz. ben\u00e6gte, at det er en fejlslutning. Disse implikationer skulle gerne v\u00e6re uacceptable i en bogstavelig forstand. I anden sektion vil jeg kort diskutere modalt kollaps.<\/p>\n<p><a href=\"http:\/\/deleet.dk\/wp-content\/den-modale-fejlslutning-reduktioner-og-modalt-kollaps.pdf\">den-modale-fejlslutning-reduktioner-og-modalt-kollaps<\/a>.<\/p>\n","protected":false},"excerpt":{"rendered":"<p>Introduktion Denne artikel har to emner. F\u00f8rst vil jeg skitsere en masse implikationer af at ben\u00e6gte den modale fejlslutning viz. ben\u00e6gte, at det er en fejlslutning. Disse implikationer skulle gerne v\u00e6re uacceptable i en bogstavelig forstand. I anden sektion vil jeg kort diskutere modalt kollaps. den-modale-fejlslutning-reduktioner-og-modalt-kollaps.<\/p>\n","protected":false},"author":4,"featured_media":0,"comment_status":"open","ping_status":"open","sticky":false,"template":"","format":"standard","meta":{"footnotes":""},"categories":[14],"tags":[1759,1762,794,796,797],"class_list":["post-922","post","type-post","status-publish","format-standard","hentry","category-modal-logik-filosofi-filosofi","tag-logik-filosofi","tag-modal-logik-filosofi-filosofi","tag-modale-fejlslutning","tag-modallogik","tag-modalt-kollaps"],"_links":{"self":[{"href":"https:\/\/emilkirkegaard.dk\/da\/index.php?rest_route=\/wp\/v2\/posts\/922","targetHints":{"allow":["GET"]}}],"collection":[{"href":"https:\/\/emilkirkegaard.dk\/da\/index.php?rest_route=\/wp\/v2\/posts"}],"about":[{"href":"https:\/\/emilkirkegaard.dk\/da\/index.php?rest_route=\/wp\/v2\/types\/post"}],"author":[{"embeddable":true,"href":"https:\/\/emilkirkegaard.dk\/da\/index.php?rest_route=\/wp\/v2\/users\/4"}],"replies":[{"embeddable":true,"href":"https:\/\/emilkirkegaard.dk\/da\/index.php?rest_route=%2Fwp%2Fv2%2Fcomments&post=922"}],"version-history":[{"count":0,"href":"https:\/\/emilkirkegaard.dk\/da\/index.php?rest_route=\/wp\/v2\/posts\/922\/revisions"}],"wp:attachment":[{"href":"https:\/\/emilkirkegaard.dk\/da\/index.php?rest_route=%2Fwp%2Fv2%2Fmedia&parent=922"}],"wp:term":[{"taxonomy":"category","embeddable":true,"href":"https:\/\/emilkirkegaard.dk\/da\/index.php?rest_route=%2Fwp%2Fv2%2Fcategories&post=922"},{"taxonomy":"post_tag","embeddable":true,"href":"https:\/\/emilkirkegaard.dk\/da\/index.php?rest_route=%2Fwp%2Fv2%2Ftags&post=922"}],"curies":[{"name":"wp","href":"https:\/\/api.w.org\/{rel}","templated":true}]}}