{"id":972,"date":"2009-01-21T21:31:48","date_gmt":"2009-01-21T19:31:48","guid":{"rendered":"http:\/\/deleet.dk\/?p=972"},"modified":"2009-01-21T21:31:48","modified_gmt":"2009-01-21T19:31:48","slug":"ville-det-ikke-v%c3%a6re-fedt","status":"publish","type":"post","link":"https:\/\/emilkirkegaard.dk\/da\/?p=972","title":{"rendered":"Ville det ikke v\u00e6re fedt&#8230;"},"content":{"rendered":"<p>&#8230;Hvis jeg faktisk havde noget substans at offentligg\u00f8re? Jo, m\u00e5ske. Men her er en lame sprogjoke til samlingen&#8230;<\/p>\n<p>Hvad sagde den ene engelsk-talende dreng som fr\u00f8s til den anden p\u00e5 en kold vinterdag?<\/p>\n<p>-The wind blows!<\/p>\n","protected":false},"excerpt":{"rendered":"<p>&#8230;Hvis jeg faktisk havde noget substans at offentligg\u00f8re? Jo, m\u00e5ske. Men her er en lame sprogjoke til samlingen&#8230; Hvad sagde den ene engelsk-talende dreng som fr\u00f8s til den anden p\u00e5 en kold vinterdag? -The wind blows!<\/p>\n","protected":false},"author":4,"featured_media":0,"comment_status":"open","ping_status":"open","sticky":false,"template":"","format":"standard","meta":{"footnotes":""},"categories":[9],"tags":[166,609,1401],"class_list":["post-972","post","type-post","status-publish","format-standard","hentry","category-humor","tag-blows","tag-joke","tag-wind"],"_links":{"self":[{"href":"https:\/\/emilkirkegaard.dk\/da\/index.php?rest_route=\/wp\/v2\/posts\/972","targetHints":{"allow":["GET"]}}],"collection":[{"href":"https:\/\/emilkirkegaard.dk\/da\/index.php?rest_route=\/wp\/v2\/posts"}],"about":[{"href":"https:\/\/emilkirkegaard.dk\/da\/index.php?rest_route=\/wp\/v2\/types\/post"}],"author":[{"embeddable":true,"href":"https:\/\/emilkirkegaard.dk\/da\/index.php?rest_route=\/wp\/v2\/users\/4"}],"replies":[{"embeddable":true,"href":"https:\/\/emilkirkegaard.dk\/da\/index.php?rest_route=%2Fwp%2Fv2%2Fcomments&post=972"}],"version-history":[{"count":0,"href":"https:\/\/emilkirkegaard.dk\/da\/index.php?rest_route=\/wp\/v2\/posts\/972\/revisions"}],"wp:attachment":[{"href":"https:\/\/emilkirkegaard.dk\/da\/index.php?rest_route=%2Fwp%2Fv2%2Fmedia&parent=972"}],"wp:term":[{"taxonomy":"category","embeddable":true,"href":"https:\/\/emilkirkegaard.dk\/da\/index.php?rest_route=%2Fwp%2Fv2%2Fcategories&post=972"},{"taxonomy":"post_tag","embeddable":true,"href":"https:\/\/emilkirkegaard.dk\/da\/index.php?rest_route=%2Fwp%2Fv2%2Ftags&post=972"}],"curies":[{"name":"wp","href":"https:\/\/api.w.org\/{rel}","templated":true}]}}